{"id":24268,"date":"2021-06-04T10:30:46","date_gmt":"2021-06-04T13:30:46","guid":{"rendered":"https:\/\/www.todoeldia.com\/?p=24268"},"modified":"2021-06-04T10:30:48","modified_gmt":"2021-06-04T13:30:48","slug":"las-elecciones-provinciales-seran-el-domingo-15-de-agosto","status":"publish","type":"post","link":"https:\/\/www.todoeldia.com\/index.php\/2021\/06\/04\/las-elecciones-provinciales-seran-el-domingo-15-de-agosto\/","title":{"rendered":"Las elecciones provinciales ser\u00e1n el domingo 15 de agosto"},"content":{"rendered":"\n<p>A trav\u00e9s del Decreto 433\/21 el Gobernador Gustavo S\u00e1enz dispuso que la realizaci\u00f3n de las Elecciones Primarias Abiertas, Simult\u00e1neas y Obligatorias provinciales se llevar\u00e1n a cabo el domingo 15 de agosto de 2021.<\/p>\n\n\n\n<p>En principio los comicios hab\u00edan sido convocados para el pr\u00f3ximo 4 de julio, pero en atenci\u00f3n a la situaci\u00f3n sanitaria actual provocada por la Pandemia por Covid-19, se dispuso su postergaci\u00f3n para el 15 de agosto.<\/p>\n\n\n\n<p>De esta manera S\u00e1enz posterg\u00f3 las elecciones solo 45 d\u00edas a la espera que baje para el 15 de agosto la curva de contagios y muertes en Salta.<\/p>\n\n\n\n<p>Las elecciones provinciales, departamentales y municipales, ser\u00e1n para cargos electivos de Senadores provinciales, Diputados provinciales, Intendente del municipio de Aguaray, Concejales y Convencionales Constituyentes provinciales.<\/p>\n\n\n\n<p>El instrumento legal expresa que actualmente, la Provincia de Salta atraviesa un momento de fuerte aumento de los casos confirmados de COVID-19, configur\u00e1ndose un caso de fuerza mayor, en virtud del cual resulta necesario adoptar las medidas necesarias para proteger la salud p\u00fablica de los salte\u00f1os, garantizando a su vez la plena vigencia de sus derechos pol\u00edticos.<\/p>\n\n\n\n<p>Tambi\u00e9n se\u00f1ala que la postergaci\u00f3n de la fecha de la celebraci\u00f3n de los comicios provinciales permitir\u00e1 sin duda el avance del plan de vacunaci\u00f3n que se viene desplegado de manera incesante y progresiva en toda la Provincia, para garantizar mayor inmunidad en la poblaci\u00f3n y merma en la curva de contagios.<\/p>\n","protected":false},"excerpt":{"rendered":"<p>A trav\u00e9s del Decreto 433\/21 el Gobernador Gustavo S\u00e1enz dispuso que la realizaci\u00f3n de las Elecciones Primarias Abiertas, Simult\u00e1neas y Obligatorias provinciales se llevar\u00e1n a cabo el domingo 15 de agosto de 2021. En principio los comicios hab\u00edan sido convocados para el pr\u00f3ximo 4 de julio, pero en atenci\u00f3n a la situaci\u00f3n sanitaria actual provocada [&hellip;]<\/p>\n","protected":false},"author":2,"featured_media":24269,"comment_status":"open","ping_status":"open","sticky":false,"template":"","format":"standard","meta":{"tdm_status":"","tdm_grid_status":"","_joinchat":[],"footnotes":""},"categories":[59],"tags":[],"class_list":{"0":"post-24268","1":"post","2":"type-post","3":"status-publish","4":"format-standard","5":"has-post-thumbnail","7":"category-politica"},"amp_enabled":true,"_links":{"self":[{"href":"https:\/\/www.todoeldia.com\/index.php\/wp-json\/wp\/v2\/posts\/24268","targetHints":{"allow":["GET"]}}],"collection":[{"href":"https:\/\/www.todoeldia.com\/index.php\/wp-json\/wp\/v2\/posts"}],"about":[{"href":"https:\/\/www.todoeldia.com\/index.php\/wp-json\/wp\/v2\/types\/post"}],"author":[{"embeddable":true,"href":"https:\/\/www.todoeldia.com\/index.php\/wp-json\/wp\/v2\/users\/2"}],"replies":[{"embeddable":true,"href":"https:\/\/www.todoeldia.com\/index.php\/wp-json\/wp\/v2\/comments?post=24268"}],"version-history":[{"count":1,"href":"https:\/\/www.todoeldia.com\/index.php\/wp-json\/wp\/v2\/posts\/24268\/revisions"}],"predecessor-version":[{"id":24270,"href":"https:\/\/www.todoeldia.com\/index.php\/wp-json\/wp\/v2\/posts\/24268\/revisions\/24270"}],"wp:featuredmedia":[{"embeddable":true,"href":"https:\/\/www.todoeldia.com\/index.php\/wp-json\/wp\/v2\/media\/24269"}],"wp:attachment":[{"href":"https:\/\/www.todoeldia.com\/index.php\/wp-json\/wp\/v2\/media?parent=24268"}],"wp:term":[{"taxonomy":"category","embeddable":true,"href":"https:\/\/www.todoeldia.com\/index.php\/wp-json\/wp\/v2\/categories?post=24268"},{"taxonomy":"post_tag","embeddable":true,"href":"https:\/\/www.todoeldia.com\/index.php\/wp-json\/wp\/v2\/tags?post=24268"}],"curies":[{"name":"wp","href":"https:\/\/api.w.org\/{rel}","templated":true}]}}