{"id":24271,"date":"2021-06-04T10:35:54","date_gmt":"2021-06-04T13:35:54","guid":{"rendered":"https:\/\/www.todoeldia.com\/?p=24271"},"modified":"2021-06-04T10:35:55","modified_gmt":"2021-06-04T13:35:55","slug":"estos-son-los-lugares-de-vacunacion-a-personas-mayores-de-50-anos-en-la-capital-habilitados-para-sabado-y-domingo","status":"publish","type":"post","link":"https:\/\/www.todoeldia.com\/index.php\/2021\/06\/04\/estos-son-los-lugares-de-vacunacion-a-personas-mayores-de-50-anos-en-la-capital-habilitados-para-sabado-y-domingo\/","title":{"rendered":"Estos son los lugares de vacunaci\u00f3n a personas mayores de 50 a\u00f1os en la Capital habilitados para s\u00e1bado y domingo"},"content":{"rendered":"\n<p>En el \u00c1rea Operativa Norte se llevar\u00e1 a cabo la estrategia de intensificaci\u00f3n de vacunaci\u00f3n \u2013 a demanda espont\u00e1nea \u2013 los d\u00edas 4, 5 y 6 de junio. Mientras que, en el \u00c1rea Operativa Sur, ser\u00e1 efectuada -bajo la misma modalidad \u2013 este s\u00e1bado y domingo. Se debe concurrir con DNI.<\/p>\n\n\n\n<p>El Ministerio de Salud P\u00fablica informa los centros de salud de la ciudad de Salta que llevar\u00e1n a cabo la administraci\u00f3n de primera dosis a personas mayores de 50 a\u00f1os, desde este viernes y hasta el domingo.<\/p>\n\n\n\n<p>Las personas pueden concurrir los d\u00edas 4,5 y 6 de junio, en el horario de 8 a 13, con DNI, a los siguientes centros de salud dependientes del \u00c1rea Operativa Norte:<\/p>\n\n\n\n<p>\u00b7Centro de Salud N.\u00ba 1, de Villa Primavera.<\/p>\n\n\n\n<p>\u00b7Centro de Salud N\u00ba 12, de barrio Santa Luc\u00eda.<\/p>\n\n\n\n<p>\u00b7Centro de Salud N\u00ba 13, de Villa Chartas.<\/p>\n\n\n\n<p>\u00b7Centro de Salud N\u00ba 23, de San Rafael.<\/p>\n\n\n\n<p>\u00b7Centro de Salud N\u00ba 26, de Atocha.<\/p>\n\n\n\n<p>\u00b7Centro de Salud N\u00ba 28, de Villa Asunci\u00f3n.<\/p>\n\n\n\n<p>\u00b7Centro de Salud N\u00ba 31, de Villa Costanera.<\/p>\n\n\n\n<p>\u00b7Centro de Salud N\u00ba 34, de La Ci\u00e9naga.<\/p>\n\n\n\n<p>\u00b7Centro de Salud N\u00ba 35, de barrio El Progreso.<\/p>\n\n\n\n<p>\u00b7Centro de Salud N\u00ba 47, de barrio Roberto Romero.<\/p>\n\n\n\n<p>\u00b7Centro de Salud N\u00ba 56, de barrio Palermo.<\/p>\n\n\n\n<p>\u00b7Centro de Salud N\u00ba 59, de barrio Palmerita.<\/p>\n\n\n\n<p>\u00b7Centro de Salud N\u00ba 65, de barrio 17 de Mayo.<\/p>\n\n\n\n<p>-Centro de Salud N\u00ba 2, de Campo Caseros.<\/p>\n\n\n\n<p>\u00b7Centro de Salud N\u00ba 3, de Hernando de Lerma.<\/p>\n\n\n\n<p>\u00b7Centro de Salud N\u00ba 4, de Villa San Antonio.<\/p>\n\n\n\n<p>\u00b7Centro de Salud N\u00ba 10, de 20 de Febrero.<\/p>\n\n\n\n<p>\u00b7Centro de Salud N\u00ba 32, de Villa Soledad.<\/p>\n\n\n\n<p>\u00b7Centro de Salud N\u00ba 39, de Villa Luj\u00e1n.<\/p>\n\n\n\n<p>\u00b7Centro de Salud N\u00ba 53, de Villa Cristina.<\/p>\n\n\n\n<p>\u00b7Centro de Salud N\u00ba 15, de barrio Casta\u00f1ares.<\/p>\n\n\n\n<p>\u00b7Centro de Salud N\u00ba 5, de barrio El Pilar.<\/p>\n\n\n\n<p>\u00b7Centro de Salud N\u00ba 11, de Ciudad del Milagro.<\/p>\n\n\n\n<p>\u00b7Centro de Salud N\u00ba 14, de barrio Miguel Ortiz.<\/p>\n\n\n\n<p>\u00b7Centro de Salud N\u00ba 24, de San Lorenzo.<\/p>\n\n\n\n<p>\u00b7Centro de Salud N\u00ba 30, de Las Costas.<\/p>\n\n\n\n<p>\u00b7Centro de Salud N\u00ba 41, de barrio Tres Cerritos.<\/p>\n\n\n\n<p>\u00b7Centro de Salud N\u00ba 49, de barrio Parque General Belgrano.<\/p>\n\n\n\n<p>\u00b7Centro de Salud N\u00ba 55, de barrio 17 de Octubre.<\/p>\n\n\n\n<p>Mientras que, las personas que est\u00e9n bajo cobertura del \u00c1rea Operativa Sur deben concurrir, con DNI, este s\u00e1bado y domingo, en el horario de 8 a 16, a los siguientes establecimientos:<\/p>\n\n\n\n<p>\u00b7Hospital Papa Francisco.<\/p>\n\n\n\n<p>\u00b7Centro de Salud N\u00b0 6, de barrio El Manj\u00f3n.<\/p>\n\n\n\n<p>\u00b7Centro de Salud N\u00b0 7, de barrio 20 de Junio.<\/p>\n\n\n\n<p>\u00b7Centro de Salud N\u00b0 42, de barrio Aut\u00f3dromo.<\/p>\n\n\n\n<p>\u00b7Centro de Salud N\u00b0 9, de Villa Lavalle.<\/p>\n\n\n\n<p>\u00b7Centro de Salud N\u00b0 29, de barrio Finca Independencia.<\/p>\n\n\n\n<p>\u00b7Centro de Salud N\u00b0 8, de barrio El Tribuno.<\/p>\n\n\n\n<p>\u00b7Centro de Salud N\u00b0 16, de barrio Santa Ana I.<\/p>\n\n\n\n<p>\u00b7Centro de Salud N\u00b0 17, de barrio San Remo.<\/p>\n\n\n\n<p>\u00b7Centro de Salud N\u00b0 27, de barrio Intersindical.<\/p>\n\n\n\n<p>\u00b7Centro de Salud N\u00b0 38, de Villa Esmeralda.<\/p>\n\n\n\n<p>\u00b7Centro de Salud N\u00b0 51, de barrio Limache.<\/p>\n\n\n\n<p>\u00b7Centro de Salud N\u00b0 45, de barrio Provipo.<\/p>\n\n\n\n<p>\u00b7Centro de Salud N\u00b0 54, de barrio San Ignacio.<\/p>\n\n\n\n<p>\u00b7Centro de Salud N\u00b0 61, de barrio Solidaridad.<\/p>\n\n\n\n<p>\u00b7Centro de Salud N\u00b0 64, de barrio Pinares.<\/p>\n\n\n\n<p>Desde el programa de Inmunizaciones de la Provincia se recuerda que, debe transcurrir un per\u00edodo de 15 d\u00edas \u2013 como m\u00ednimo \u2013 entre la administraci\u00f3n de la vacuna antigripal y la de COVID-19.<\/p>\n\n\n\n<p>Por \u00faltimo, quienes reci\u00e9n se est\u00e9n recuperando del coronavirus, deber\u00e1n esperar 12 semanas para poder inocularse.<\/p>\n","protected":false},"excerpt":{"rendered":"<p>En el \u00c1rea Operativa Norte se llevar\u00e1 a cabo la estrategia de intensificaci\u00f3n de vacunaci\u00f3n \u2013 a demanda espont\u00e1nea \u2013 los d\u00edas 4, 5 y 6 de junio. Mientras que, en el \u00c1rea Operativa Sur, ser\u00e1 efectuada -bajo la misma modalidad \u2013 este s\u00e1bado y domingo. Se debe concurrir con DNI. El Ministerio de Salud [&hellip;]<\/p>\n","protected":false},"author":2,"featured_media":24272,"comment_status":"open","ping_status":"open","sticky":false,"template":"","format":"standard","meta":{"tdm_status":"","tdm_grid_status":"","_joinchat":[],"footnotes":""},"categories":[65],"tags":[],"class_list":{"0":"post-24271","1":"post","2":"type-post","3":"status-publish","4":"format-standard","5":"has-post-thumbnail","7":"category-coronavirus"},"amp_enabled":true,"_links":{"self":[{"href":"https:\/\/www.todoeldia.com\/index.php\/wp-json\/wp\/v2\/posts\/24271","targetHints":{"allow":["GET"]}}],"collection":[{"href":"https:\/\/www.todoeldia.com\/index.php\/wp-json\/wp\/v2\/posts"}],"about":[{"href":"https:\/\/www.todoeldia.com\/index.php\/wp-json\/wp\/v2\/types\/post"}],"author":[{"embeddable":true,"href":"https:\/\/www.todoeldia.com\/index.php\/wp-json\/wp\/v2\/users\/2"}],"replies":[{"embeddable":true,"href":"https:\/\/www.todoeldia.com\/index.php\/wp-json\/wp\/v2\/comments?post=24271"}],"version-history":[{"count":1,"href":"https:\/\/www.todoeldia.com\/index.php\/wp-json\/wp\/v2\/posts\/24271\/revisions"}],"predecessor-version":[{"id":24273,"href":"https:\/\/www.todoeldia.com\/index.php\/wp-json\/wp\/v2\/posts\/24271\/revisions\/24273"}],"wp:featuredmedia":[{"embeddable":true,"href":"https:\/\/www.todoeldia.com\/index.php\/wp-json\/wp\/v2\/media\/24272"}],"wp:attachment":[{"href":"https:\/\/www.todoeldia.com\/index.php\/wp-json\/wp\/v2\/media?parent=24271"}],"wp:term":[{"taxonomy":"category","embeddable":true,"href":"https:\/\/www.todoeldia.com\/index.php\/wp-json\/wp\/v2\/categories?post=24271"},{"taxonomy":"post_tag","embeddable":true,"href":"https:\/\/www.todoeldia.com\/index.php\/wp-json\/wp\/v2\/tags?post=24271"}],"curies":[{"name":"wp","href":"https:\/\/api.w.org\/{rel}","templated":true}]}}