{"id":24275,"date":"2021-06-04T17:38:38","date_gmt":"2021-06-04T20:38:38","guid":{"rendered":"https:\/\/www.todoeldia.com\/?p=24275"},"modified":"2021-06-04T17:40:14","modified_gmt":"2021-06-04T20:40:14","slug":"los-restos-oseos-encontrados-en-el-rio-wierna-pertenecen-a-gala-cancinos","status":"publish","type":"post","link":"https:\/\/www.todoeldia.com\/index.php\/2021\/06\/04\/los-restos-oseos-encontrados-en-el-rio-wierna-pertenecen-a-gala-cancinos\/","title":{"rendered":"Los restos \u00f3seos encontrados en el rio Wierna pertenecen a Gala Cancinos"},"content":{"rendered":"\n<p>El peritaje odontol\u00f3gico fue clave para confirmar la identidad de Gala Cancinos con los restos \u00f3seos hallados ayer a la tarde a la altura del kil\u00f3metro 12 de la ruta nacional 9 rumbo a la Caldera.<\/p>\n\n\n\n<p>Un hombre que se encontraba circunstancialmente en la zona, detect\u00f3 durante la tarde de este jueves, la presencia de lo que ser\u00edan huesos humanos y dio aviso a la Polic\u00eda de la Provincia.<\/p>\n\n\n\n<p>Inmediatamente intervino la Unidad de Graves Atentados para disponer medidas tendientes al esclarecer el hecho.<\/p>\n\n\n\n<p>Tambi\u00e9n trabaj\u00f3 personal del CIF y del Departamento de Investigaciones y Criminolog\u00eda.<\/p>\n\n\n\n<p>Los restos \u00f3seos fueron trasladados al Servicio de Tanatolog\u00eda Forense del CIF, donde el peritaje odontol\u00f3gico fue clave para confirmar la identidad de quien fuera en vida Gala Cancinos.<\/p>\n\n\n\n<p>Durante la ma\u00f1ana de este viernes, los fiscales se constituyeron en el lugar, realizaron una inspecci\u00f3n ocular y relevaron la informaci\u00f3n obtenida por los investigadores tras los datos aportados por dos trabajadores que se encontraban ocasionalmente en cercan\u00edas del r\u00edo La Caldera.<\/p>\n\n\n\n<p>La joven se encontraba desaparecida desde el 16 de mayo de 2017 y el cr\u00e1neo hallado en cercan\u00eda del puente Wierna pertenece a la joven que era buscada desde hace cuatro a\u00f1os.<\/p>\n\n\n\n<p>Gala fue vista por \u00faltima vez el 26 de mayo de 2017 en el parque Bicentenario.<\/p>\n\n\n\n<p>Al extender la b\u00fasqueda en las inmediaciones donde fueron hallados los restos humanos tambi\u00e9n encontraron ropa y calzado, compatibles con un cuerpo de mediana contextura.<\/p>\n\n\n\n<p>Tom\u00f3 intervenci\u00f3n en el caso la Fiscal\u00eda Penal de la Unidad de Graves Atentados contra las Personas, a cargo de Leandro Flores, quien dispuso las primeras medidas investigativas.<\/p>\n","protected":false},"excerpt":{"rendered":"<p>El peritaje odontol\u00f3gico fue clave para confirmar la identidad de Gala Cancinos con los restos \u00f3seos hallados ayer a la tarde a la altura del kil\u00f3metro 12 de la ruta nacional 9 rumbo a la Caldera. Un hombre que se encontraba circunstancialmente en la zona, detect\u00f3 durante la tarde de este jueves, la presencia de [&hellip;]<\/p>\n","protected":false},"author":2,"featured_media":24279,"comment_status":"open","ping_status":"open","sticky":false,"template":"","format":"standard","meta":{"tdm_status":"","tdm_grid_status":"","_joinchat":[],"footnotes":""},"categories":[73],"tags":[],"class_list":{"0":"post-24275","1":"post","2":"type-post","3":"status-publish","4":"format-standard","5":"has-post-thumbnail","7":"category-noticias-general"},"amp_enabled":true,"_links":{"self":[{"href":"https:\/\/www.todoeldia.com\/index.php\/wp-json\/wp\/v2\/posts\/24275","targetHints":{"allow":["GET"]}}],"collection":[{"href":"https:\/\/www.todoeldia.com\/index.php\/wp-json\/wp\/v2\/posts"}],"about":[{"href":"https:\/\/www.todoeldia.com\/index.php\/wp-json\/wp\/v2\/types\/post"}],"author":[{"embeddable":true,"href":"https:\/\/www.todoeldia.com\/index.php\/wp-json\/wp\/v2\/users\/2"}],"replies":[{"embeddable":true,"href":"https:\/\/www.todoeldia.com\/index.php\/wp-json\/wp\/v2\/comments?post=24275"}],"version-history":[{"count":1,"href":"https:\/\/www.todoeldia.com\/index.php\/wp-json\/wp\/v2\/posts\/24275\/revisions"}],"predecessor-version":[{"id":24277,"href":"https:\/\/www.todoeldia.com\/index.php\/wp-json\/wp\/v2\/posts\/24275\/revisions\/24277"}],"wp:featuredmedia":[{"embeddable":true,"href":"https:\/\/www.todoeldia.com\/index.php\/wp-json\/wp\/v2\/media\/24279"}],"wp:attachment":[{"href":"https:\/\/www.todoeldia.com\/index.php\/wp-json\/wp\/v2\/media?parent=24275"}],"wp:term":[{"taxonomy":"category","embeddable":true,"href":"https:\/\/www.todoeldia.com\/index.php\/wp-json\/wp\/v2\/categories?post=24275"},{"taxonomy":"post_tag","embeddable":true,"href":"https:\/\/www.todoeldia.com\/index.php\/wp-json\/wp\/v2\/tags?post=24275"}],"curies":[{"name":"wp","href":"https:\/\/api.w.org\/{rel}","templated":true}]}}