{"id":24297,"date":"2021-06-04T19:17:55","date_gmt":"2021-06-04T22:17:55","guid":{"rendered":"https:\/\/www.todoeldia.com\/?p=24297"},"modified":"2021-06-04T19:17:56","modified_gmt":"2021-06-04T22:17:56","slug":"el-topo-ramos-contra-las-cuerdas","status":"publish","type":"post","link":"https:\/\/www.todoeldia.com\/index.php\/2021\/06\/04\/el-topo-ramos-contra-las-cuerdas\/","title":{"rendered":"El \u201cTopo\u201d Ramos contra las cuerdas"},"content":{"rendered":"\n<p>El Juzgado de Garant\u00edas 2 solicit\u00f3 al Senado de la Provincia el desafuero del senador y ex intendente de Rosario de Lerma, Sergio \u201cTopo\u201d Ramos.<\/p>\n\n\n\n<p>El legislador se neg\u00f3 a declarar en una causa por corrupci\u00f3n y explicar el destino de fondos p\u00fablicos.<\/p>\n\n\n\n<p>El Juez de Garant\u00edas, Ignacio Colombo, present\u00f3 un pedido de desafuero al haberse negado seis veces a asistir a la audiencia de imputaci\u00f3n en el marco de una causa que se investiga el presunto delito de peculado durante su gesti\u00f3n como intendente de Rosario de Lerma.<\/p>\n\n\n\n<p>En la presentaci\u00f3n, el juez detalla que la fiscal de Delitos Econ\u00f3micos Complejos, Ana In\u00e9s Salinas, cit\u00f3 al senador para la imputaci\u00f3n, como as\u00ed tambi\u00e9n para tomar huellas dactilares y confeccionar el prontuario, pero se neg\u00f3 aduciendo de manera reiterada y sostenida como \u00fanica causal de incomparecencia \u201ccompromisos pol\u00edticos\u201d de \u201cineludible presencia\u201d.<\/p>\n\n\n\n<p>Desde el 24 de julio del a\u00f1o 2020 se viene citando interrumpidamente a Sergio Ramos sin que el mismo comparezca a estar a derecho y alegando, a trav\u00e9s de la defensa, causas completamente injustificadas.<\/p>\n\n\n\n<p>&nbsp;La audiencia de imputaci\u00f3n estaba prevista \u2013inicialmente- para el 6 de abril del 2017 y se lo investiga por el desv\u00edo de casi medio mill\u00f3n de pesos que estaban espec\u00edficamente destinados a la creaci\u00f3n y puesta en funcionamiento de un Proyecto de Empresa Social cuyo fin era la construcci\u00f3n de casas prefabricadas, y que no fueron aplicados al destino establecido.<\/p>\n","protected":false},"excerpt":{"rendered":"<p>El Juzgado de Garant\u00edas 2 solicit\u00f3 al Senado de la Provincia el desafuero del senador y ex intendente de Rosario de Lerma, Sergio \u201cTopo\u201d Ramos. El legislador se neg\u00f3 a declarar en una causa por corrupci\u00f3n y explicar el destino de fondos p\u00fablicos. El Juez de Garant\u00edas, Ignacio Colombo, present\u00f3 un pedido de desafuero al [&hellip;]<\/p>\n","protected":false},"author":2,"featured_media":24298,"comment_status":"open","ping_status":"open","sticky":false,"template":"","format":"standard","meta":{"tdm_status":"","tdm_grid_status":"","_joinchat":[],"footnotes":""},"categories":[73],"tags":[],"class_list":{"0":"post-24297","1":"post","2":"type-post","3":"status-publish","4":"format-standard","5":"has-post-thumbnail","7":"category-noticias-general"},"amp_enabled":true,"_links":{"self":[{"href":"https:\/\/www.todoeldia.com\/index.php\/wp-json\/wp\/v2\/posts\/24297","targetHints":{"allow":["GET"]}}],"collection":[{"href":"https:\/\/www.todoeldia.com\/index.php\/wp-json\/wp\/v2\/posts"}],"about":[{"href":"https:\/\/www.todoeldia.com\/index.php\/wp-json\/wp\/v2\/types\/post"}],"author":[{"embeddable":true,"href":"https:\/\/www.todoeldia.com\/index.php\/wp-json\/wp\/v2\/users\/2"}],"replies":[{"embeddable":true,"href":"https:\/\/www.todoeldia.com\/index.php\/wp-json\/wp\/v2\/comments?post=24297"}],"version-history":[{"count":1,"href":"https:\/\/www.todoeldia.com\/index.php\/wp-json\/wp\/v2\/posts\/24297\/revisions"}],"predecessor-version":[{"id":24299,"href":"https:\/\/www.todoeldia.com\/index.php\/wp-json\/wp\/v2\/posts\/24297\/revisions\/24299"}],"wp:featuredmedia":[{"embeddable":true,"href":"https:\/\/www.todoeldia.com\/index.php\/wp-json\/wp\/v2\/media\/24298"}],"wp:attachment":[{"href":"https:\/\/www.todoeldia.com\/index.php\/wp-json\/wp\/v2\/media?parent=24297"}],"wp:term":[{"taxonomy":"category","embeddable":true,"href":"https:\/\/www.todoeldia.com\/index.php\/wp-json\/wp\/v2\/categories?post=24297"},{"taxonomy":"post_tag","embeddable":true,"href":"https:\/\/www.todoeldia.com\/index.php\/wp-json\/wp\/v2\/tags?post=24297"}],"curies":[{"name":"wp","href":"https:\/\/api.w.org\/{rel}","templated":true}]}}