{"id":24395,"date":"2021-06-07T10:22:25","date_gmt":"2021-06-07T13:22:25","guid":{"rendered":"https:\/\/www.todoeldia.com\/?p=24395"},"modified":"2021-06-07T10:22:26","modified_gmt":"2021-06-07T13:22:26","slug":"a-juicio-el-pastor-evangelico-que-abusaba-de-sus-feligresas","status":"publish","type":"post","link":"https:\/\/www.todoeldia.com\/index.php\/2021\/06\/07\/a-juicio-el-pastor-evangelico-que-abusaba-de-sus-feligresas\/","title":{"rendered":"A juicio el pastor evang\u00e9lico que abusaba de sus feligresas"},"content":{"rendered":"\n<p>El fiscal penal 1 de la Unidad de Delitos contra la Integridad Sexual, Federico Obeid, requiri\u00f3 ante el Juzgado de Garant\u00edas 1, la elevaci\u00f3n a juicio de la causa que tiene como imputado al pastor evang\u00e9lico Walter Hugo S\u00e1rate, de 59 a\u00f1os, acusado de abusar sexualmente de cinco feligresas.<\/p>\n\n\n\n<p>S\u00e1rate fue acusado de los delitos de abuso sexual simple agravado por haber sido cometido por ministro de culto continuado, en concurso real con abuso sexual. promoci\u00f3n a la corrupci\u00f3n de menores, en perjuicio de 5 victimas.<\/p>\n\n\n\n<p>Del requerimiento, surgi\u00f3 que el acusado atent\u00f3 contra la libertad sexual de las cinco denunciantes, al someterlas a tocamientos en sus partes \u00edntimas, que ocurrieron intempestivamente en el domicilio del imputado ubicado en la Ciudad de Salta, lugar donde tambi\u00e9n se encuentra la iglesia evangelista que \u00e9ste dirige en su calidad de pastor.<\/p>\n\n\n\n<p>Todas las denunciantes son mujeres que profesan ese culto, circunstancia que fue aprovechada por el acusado, quien vali\u00e9ndose de la investidura y confianza que generaba en las v\u00edctimas, se acercaba a ellas bajo distintos pretextos, para luego desplegar las conductas libidinosas que se le reprochan. Las vivencias traum\u00e1ticas de las v\u00edctimas, fueron verificadas por las conclusiones arribadas por las profesionales del Gabinete de Psicolog\u00eda del CIF en sus informes<\/p>\n","protected":false},"excerpt":{"rendered":"<p>El fiscal penal 1 de la Unidad de Delitos contra la Integridad Sexual, Federico Obeid, requiri\u00f3 ante el Juzgado de Garant\u00edas 1, la elevaci\u00f3n a juicio de la causa que tiene como imputado al pastor evang\u00e9lico Walter Hugo S\u00e1rate, de 59 a\u00f1os, acusado de abusar sexualmente de cinco feligresas. S\u00e1rate fue acusado de los delitos [&hellip;]<\/p>\n","protected":false},"author":2,"featured_media":24396,"comment_status":"open","ping_status":"open","sticky":false,"template":"","format":"standard","meta":{"tdm_status":"","tdm_grid_status":"","_joinchat":[],"footnotes":""},"categories":[73],"tags":[],"class_list":{"0":"post-24395","1":"post","2":"type-post","3":"status-publish","4":"format-standard","5":"has-post-thumbnail","7":"category-noticias-general"},"amp_enabled":true,"_links":{"self":[{"href":"https:\/\/www.todoeldia.com\/index.php\/wp-json\/wp\/v2\/posts\/24395","targetHints":{"allow":["GET"]}}],"collection":[{"href":"https:\/\/www.todoeldia.com\/index.php\/wp-json\/wp\/v2\/posts"}],"about":[{"href":"https:\/\/www.todoeldia.com\/index.php\/wp-json\/wp\/v2\/types\/post"}],"author":[{"embeddable":true,"href":"https:\/\/www.todoeldia.com\/index.php\/wp-json\/wp\/v2\/users\/2"}],"replies":[{"embeddable":true,"href":"https:\/\/www.todoeldia.com\/index.php\/wp-json\/wp\/v2\/comments?post=24395"}],"version-history":[{"count":1,"href":"https:\/\/www.todoeldia.com\/index.php\/wp-json\/wp\/v2\/posts\/24395\/revisions"}],"predecessor-version":[{"id":24397,"href":"https:\/\/www.todoeldia.com\/index.php\/wp-json\/wp\/v2\/posts\/24395\/revisions\/24397"}],"wp:featuredmedia":[{"embeddable":true,"href":"https:\/\/www.todoeldia.com\/index.php\/wp-json\/wp\/v2\/media\/24396"}],"wp:attachment":[{"href":"https:\/\/www.todoeldia.com\/index.php\/wp-json\/wp\/v2\/media?parent=24395"}],"wp:term":[{"taxonomy":"category","embeddable":true,"href":"https:\/\/www.todoeldia.com\/index.php\/wp-json\/wp\/v2\/categories?post=24395"},{"taxonomy":"post_tag","embeddable":true,"href":"https:\/\/www.todoeldia.com\/index.php\/wp-json\/wp\/v2\/tags?post=24395"}],"curies":[{"name":"wp","href":"https:\/\/api.w.org\/{rel}","templated":true}]}}