{"id":24401,"date":"2021-06-07T10:45:19","date_gmt":"2021-06-07T13:45:19","guid":{"rendered":"https:\/\/www.todoeldia.com\/?p=24401"},"modified":"2021-06-07T15:34:27","modified_gmt":"2021-06-07T18:34:27","slug":"en-el-inicio-de-los-actos-en-homenaje-al-general-guemes-saenz-destaco-la-campana-de-vacunacion-del-fin-de-semana","status":"publish","type":"post","link":"https:\/\/www.todoeldia.com\/index.php\/2021\/06\/07\/en-el-inicio-de-los-actos-en-homenaje-al-general-guemes-saenz-destaco-la-campana-de-vacunacion-del-fin-de-semana\/","title":{"rendered":"En el inicio de los actos en homenaje al General G\u00fcemes, S\u00e1enz destaco la campa\u00f1a de vacunaci\u00f3n del fin de semana"},"content":{"rendered":"\n<p>\u201dLa pandemia nos hace hoy homenajearlo trabajando, esforz\u00e1ndonos por la salud de los salte\u00f1os\u201d, dijo el Gobernador Gustavo S\u00e1enz en el acto realizado en plaza Belgrano, donde G\u00fcemes herido de muerte, emprendi\u00f3 la cabalgata a la Horqueta.<\/p>\n\n\n\n<p>El mandatario inici\u00f3 hoy en plaza Belgrano, los homenajes conmemorativos&nbsp; al general Mart\u00edn Miguel de G\u00fcemes en el Bicentenario de su paso a la Inmortalidad.<\/p>\n\n\n\n<p>\u201cEste es un a\u00f1o importante para los salte\u00f1os y para los argentinos: los 200 a\u00f1os del paso de la inmortalidad del General Mart\u00edn Miguel de G\u00fcemes\u201d, dijo el Gobernador tras la ceremonia que evoc\u00f3 el 7 de junio de 1821 cuando el h\u00e9roe nacional fue herido por las tropas realistas en la actual intersecci\u00f3n de Belgrano y Balcarce y desde all\u00ed continu\u00f3 su marcha a caballo hasta la Horqueta, donde falleci\u00f3 diez d\u00edas despu\u00e9s.<\/p>\n\n\n\n<p>\u201cLa pandemia nos hace hoy homenajearlo trabajando, esforz\u00e1ndonos por la salud de los salte\u00f1os\u201d, indic\u00f3 el mandatario en referencia a la vacunaci\u00f3n espont\u00e1nea del fin de semana que permiti\u00f3 a m\u00e1s de 40 mil salte\u00f1os acceder a la inmunizaci\u00f3n.<\/p>\n\n\n\n<p>\u201cFue un enorme trabajo del personal de salud y nuevamente felicito al maravilloso&nbsp; equipo que&nbsp; trabaj\u00f3 sin descanso s\u00e1bado y domingo en toda la provincia\u201d, destac\u00f3 S\u00e1enz.<\/p>\n\n\n\n<p>Tambi\u00e9n reconoci\u00f3 el acompa\u00f1amiento de todos los intendentes \u201cque nos ayudaron en cada uno de los pueblos para que logremos vacunar en dos d\u00edas a m\u00e1s de 40 mil personas\u201d.<\/p>\n\n\n\n<p>As\u00ed S\u00e1enz consider\u00f3 que \u201cel mejor homenaje que podemos hacer al general G\u00fcemes es trabajar sin descanso, s\u00e1bados, domingos, feriados para lograr juntos salir de este momento\u201d.<\/p>\n","protected":false},"excerpt":{"rendered":"<p>\u201dLa pandemia nos hace hoy homenajearlo trabajando, esforz\u00e1ndonos por la salud de los salte\u00f1os\u201d, dijo el Gobernador Gustavo S\u00e1enz en el acto realizado en plaza Belgrano, donde G\u00fcemes herido de muerte, emprendi\u00f3 la cabalgata a la Horqueta. El mandatario inici\u00f3 hoy en plaza Belgrano, los homenajes conmemorativos&nbsp; al general Mart\u00edn Miguel de G\u00fcemes en el [&hellip;]<\/p>\n","protected":false},"author":2,"featured_media":24413,"comment_status":"open","ping_status":"open","sticky":false,"template":"","format":"standard","meta":{"tdm_status":"","tdm_grid_status":"","_joinchat":[],"footnotes":""},"categories":[73],"tags":[],"class_list":{"0":"post-24401","1":"post","2":"type-post","3":"status-publish","4":"format-standard","5":"has-post-thumbnail","7":"category-noticias-general"},"amp_enabled":true,"_links":{"self":[{"href":"https:\/\/www.todoeldia.com\/index.php\/wp-json\/wp\/v2\/posts\/24401","targetHints":{"allow":["GET"]}}],"collection":[{"href":"https:\/\/www.todoeldia.com\/index.php\/wp-json\/wp\/v2\/posts"}],"about":[{"href":"https:\/\/www.todoeldia.com\/index.php\/wp-json\/wp\/v2\/types\/post"}],"author":[{"embeddable":true,"href":"https:\/\/www.todoeldia.com\/index.php\/wp-json\/wp\/v2\/users\/2"}],"replies":[{"embeddable":true,"href":"https:\/\/www.todoeldia.com\/index.php\/wp-json\/wp\/v2\/comments?post=24401"}],"version-history":[{"count":1,"href":"https:\/\/www.todoeldia.com\/index.php\/wp-json\/wp\/v2\/posts\/24401\/revisions"}],"predecessor-version":[{"id":24403,"href":"https:\/\/www.todoeldia.com\/index.php\/wp-json\/wp\/v2\/posts\/24401\/revisions\/24403"}],"wp:featuredmedia":[{"embeddable":true,"href":"https:\/\/www.todoeldia.com\/index.php\/wp-json\/wp\/v2\/media\/24413"}],"wp:attachment":[{"href":"https:\/\/www.todoeldia.com\/index.php\/wp-json\/wp\/v2\/media?parent=24401"}],"wp:term":[{"taxonomy":"category","embeddable":true,"href":"https:\/\/www.todoeldia.com\/index.php\/wp-json\/wp\/v2\/categories?post=24401"},{"taxonomy":"post_tag","embeddable":true,"href":"https:\/\/www.todoeldia.com\/index.php\/wp-json\/wp\/v2\/tags?post=24401"}],"curies":[{"name":"wp","href":"https:\/\/api.w.org\/{rel}","templated":true}]}}