{"id":24789,"date":"2021-06-14T09:40:40","date_gmt":"2021-06-14T12:40:40","guid":{"rendered":"https:\/\/www.todoeldia.com\/?p=24789"},"modified":"2021-06-14T09:40:41","modified_gmt":"2021-06-14T12:40:41","slug":"tres-ladrones-detenidos-por-un-hurto-en-metan-captados-por-las-camaras-de-seguridad","status":"publish","type":"post","link":"https:\/\/www.todoeldia.com\/index.php\/2021\/06\/14\/tres-ladrones-detenidos-por-un-hurto-en-metan-captados-por-las-camaras-de-seguridad\/","title":{"rendered":"Tres ladrones detenidos por un hurto en Metan captados por las c\u00e1maras de seguridad"},"content":{"rendered":"\n<p>Tres j\u00f3venes fueron detenidos luego de ingresar a una vivienda de esa ciudad, aprovechando la ausencia de la propietaria, llevarse televisores, una c\u00e1mara filmadora y otros elementos. Fueron identificados a partir del an\u00e1lisis de c\u00e1maras de seguridad y se logr\u00f3 recuperar los bienes sustra\u00eddos.<\/p>\n\n\n\n<p>El fiscal penal 2 de Met\u00e1n, Gonzalo G\u00f3mez Amado, imput\u00f3 a Iv\u00e1n Exequiel Araya, Luciano Exequiel Ca\u00f1ete y a Manuel Ignacio Villagr\u00e1n como autores del delito de hurto con escalamiento en perjuicio de una vecina de esa ciudad.<\/p>\n\n\n\n<p>La damnificada denunci\u00f3 que personas desconocidas ingresaron a su propiedad y sustrajeron televisores, una c\u00e1mara filmadora y otros elementos y a partir de las tareas desplegadas por personal policial, se pudo identificar a los sospechosos con el relevamiento de c\u00e1maras de seguridad.<\/p>\n\n\n\n<p>Reunidos los elementos de convicci\u00f3n necesarios, el fiscal solicit\u00f3 al Juzgado de Garant\u00edas interviniente, orden de allanamiento y detenci\u00f3n para domicilios vinculados a los acusados. Como resultado de las medidas se logr\u00f3 recuperar los bienes sustra\u00eddos, se secuestraron elementos de inter\u00e9s para la causa y se detuvo a los tres imputados.<\/p>\n","protected":false},"excerpt":{"rendered":"<p>Tres j\u00f3venes fueron detenidos luego de ingresar a una vivienda de esa ciudad, aprovechando la ausencia de la propietaria, llevarse televisores, una c\u00e1mara filmadora y otros elementos. Fueron identificados a partir del an\u00e1lisis de c\u00e1maras de seguridad y se logr\u00f3 recuperar los bienes sustra\u00eddos. El fiscal penal 2 de Met\u00e1n, Gonzalo G\u00f3mez Amado, imput\u00f3 a [&hellip;]<\/p>\n","protected":false},"author":2,"featured_media":24790,"comment_status":"open","ping_status":"open","sticky":false,"template":"","format":"standard","meta":{"tdm_status":"","tdm_grid_status":"","_joinchat":[],"footnotes":""},"categories":[63],"tags":[],"class_list":{"0":"post-24789","1":"post","2":"type-post","3":"status-publish","4":"format-standard","5":"has-post-thumbnail","7":"category-policiales"},"amp_enabled":true,"_links":{"self":[{"href":"https:\/\/www.todoeldia.com\/index.php\/wp-json\/wp\/v2\/posts\/24789","targetHints":{"allow":["GET"]}}],"collection":[{"href":"https:\/\/www.todoeldia.com\/index.php\/wp-json\/wp\/v2\/posts"}],"about":[{"href":"https:\/\/www.todoeldia.com\/index.php\/wp-json\/wp\/v2\/types\/post"}],"author":[{"embeddable":true,"href":"https:\/\/www.todoeldia.com\/index.php\/wp-json\/wp\/v2\/users\/2"}],"replies":[{"embeddable":true,"href":"https:\/\/www.todoeldia.com\/index.php\/wp-json\/wp\/v2\/comments?post=24789"}],"version-history":[{"count":1,"href":"https:\/\/www.todoeldia.com\/index.php\/wp-json\/wp\/v2\/posts\/24789\/revisions"}],"predecessor-version":[{"id":24791,"href":"https:\/\/www.todoeldia.com\/index.php\/wp-json\/wp\/v2\/posts\/24789\/revisions\/24791"}],"wp:featuredmedia":[{"embeddable":true,"href":"https:\/\/www.todoeldia.com\/index.php\/wp-json\/wp\/v2\/media\/24790"}],"wp:attachment":[{"href":"https:\/\/www.todoeldia.com\/index.php\/wp-json\/wp\/v2\/media?parent=24789"}],"wp:term":[{"taxonomy":"category","embeddable":true,"href":"https:\/\/www.todoeldia.com\/index.php\/wp-json\/wp\/v2\/categories?post=24789"},{"taxonomy":"post_tag","embeddable":true,"href":"https:\/\/www.todoeldia.com\/index.php\/wp-json\/wp\/v2\/tags?post=24789"}],"curies":[{"name":"wp","href":"https:\/\/api.w.org\/{rel}","templated":true}]}}