{"id":24974,"date":"2021-06-17T23:29:32","date_gmt":"2021-06-18T02:29:32","guid":{"rendered":"https:\/\/www.todoeldia.com\/?p=24974"},"modified":"2021-06-17T23:29:33","modified_gmt":"2021-06-18T02:29:33","slug":"saenz-y-firmo-con-katopodis-actas-para-ejecutar-obras-en-salta","status":"publish","type":"post","link":"https:\/\/www.todoeldia.com\/index.php\/2021\/06\/17\/saenz-y-firmo-con-katopodis-actas-para-ejecutar-obras-en-salta\/","title":{"rendered":"S\u00e1enz y firm\u00f3 con Katopodis actas para ejecutar obras en Salta"},"content":{"rendered":"\n<p>Los acuerdos fueron suscriptos en una actividad encabezada por el Presidente de la Naci\u00f3n, donde se destac\u00f3 que la obra p\u00fablica contribuye al crecimiento y progreso de los pueblos. Se hizo hincapi\u00e9 en la gesti\u00f3n federal de Naci\u00f3n y Provincia.<\/p>\n\n\n\n<p>El gobernador Gustavo S\u00e1enz y el ministro de Obras P\u00fablicas Gabriel Katopodis firmaron actas para la ejecuci\u00f3n de importantes obras para Salta. Estos nuevos acuerdos fueron suscriptos en una reuni\u00f3n mantenida en la residencia oficial de Finca Las Costas, encabezada por el presidente Alberto Fern\u00e1ndez.<\/p>\n\n\n\n<p>El Gobierno de la Provincia y la Naci\u00f3n trabajar\u00e1n juntos en el ensanchamiento a cuatro carriles de la ruta nacional 9-34, entre Rosario de la Frontera y Met\u00e1n, la construcci\u00f3n de un centro sanitario modular en San Ram\u00f3n de la Nueva Or\u00e1n, la edificaci\u00f3n de 21 centros de desarrollo infantil y la segunda etapa de obras para la puesta en valor del monumento a G\u00fcemes y el paseo G\u00fcemes.<\/p>\n\n\n\n<p>Este conjunto de obras se suman a los convenios firmados con anterioridad, como la pavimentaci\u00f3n de dos tramos de la ruta nacional 40, de un tramo de la provincial 35, de tres tramos de la nacional 51 hac\u00eda el Paso de Sico.<\/p>\n","protected":false},"excerpt":{"rendered":"<p>Los acuerdos fueron suscriptos en una actividad encabezada por el Presidente de la Naci\u00f3n, donde se destac\u00f3 que la obra p\u00fablica contribuye al crecimiento y progreso de los pueblos. Se hizo hincapi\u00e9 en la gesti\u00f3n federal de Naci\u00f3n y Provincia. El gobernador Gustavo S\u00e1enz y el ministro de Obras P\u00fablicas Gabriel Katopodis firmaron actas para [&hellip;]<\/p>\n","protected":false},"author":2,"featured_media":24975,"comment_status":"open","ping_status":"open","sticky":false,"template":"","format":"standard","meta":{"tdm_status":"","tdm_grid_status":"","_joinchat":[],"footnotes":""},"categories":[73],"tags":[],"class_list":{"0":"post-24974","1":"post","2":"type-post","3":"status-publish","4":"format-standard","5":"has-post-thumbnail","7":"category-noticias-general"},"amp_enabled":true,"_links":{"self":[{"href":"https:\/\/www.todoeldia.com\/index.php\/wp-json\/wp\/v2\/posts\/24974","targetHints":{"allow":["GET"]}}],"collection":[{"href":"https:\/\/www.todoeldia.com\/index.php\/wp-json\/wp\/v2\/posts"}],"about":[{"href":"https:\/\/www.todoeldia.com\/index.php\/wp-json\/wp\/v2\/types\/post"}],"author":[{"embeddable":true,"href":"https:\/\/www.todoeldia.com\/index.php\/wp-json\/wp\/v2\/users\/2"}],"replies":[{"embeddable":true,"href":"https:\/\/www.todoeldia.com\/index.php\/wp-json\/wp\/v2\/comments?post=24974"}],"version-history":[{"count":1,"href":"https:\/\/www.todoeldia.com\/index.php\/wp-json\/wp\/v2\/posts\/24974\/revisions"}],"predecessor-version":[{"id":24976,"href":"https:\/\/www.todoeldia.com\/index.php\/wp-json\/wp\/v2\/posts\/24974\/revisions\/24976"}],"wp:featuredmedia":[{"embeddable":true,"href":"https:\/\/www.todoeldia.com\/index.php\/wp-json\/wp\/v2\/media\/24975"}],"wp:attachment":[{"href":"https:\/\/www.todoeldia.com\/index.php\/wp-json\/wp\/v2\/media?parent=24974"}],"wp:term":[{"taxonomy":"category","embeddable":true,"href":"https:\/\/www.todoeldia.com\/index.php\/wp-json\/wp\/v2\/categories?post=24974"},{"taxonomy":"post_tag","embeddable":true,"href":"https:\/\/www.todoeldia.com\/index.php\/wp-json\/wp\/v2\/tags?post=24974"}],"curies":[{"name":"wp","href":"https:\/\/api.w.org\/{rel}","templated":true}]}}