{"id":24977,"date":"2021-06-17T23:39:11","date_gmt":"2021-06-18T02:39:11","guid":{"rendered":"https:\/\/www.todoeldia.com\/?p=24977"},"modified":"2021-06-17T23:39:12","modified_gmt":"2021-06-18T02:39:12","slug":"una-verguenza-lo-que-trajo-fernandez-para-combatir-la-pandemia","status":"publish","type":"post","link":"https:\/\/www.todoeldia.com\/index.php\/2021\/06\/17\/una-verguenza-lo-que-trajo-fernandez-para-combatir-la-pandemia\/","title":{"rendered":"Una verg\u00fcenza lo que trajo Fern\u00e1ndez para combatir la pandemia"},"content":{"rendered":"\n<p>En el marco de su visita a la provincia, el presidente de la Naci\u00f3n, Alberto Fern\u00e1ndez y el gobernador Gustavo S\u00e1enz recorrieron el Centro de Recuperaci\u00f3n Covid-19, de vacunaci\u00f3n y de testeo, que funciona en el Centro de Convenciones de Limache.<\/p>\n\n\n\n<p>Los mandatarios estuvieron acompa\u00f1ados por los ministros de Salud de Naci\u00f3n, Carla Vizzotti y de la Provincia, Juan Jos\u00e9 Esteban, con quienes verificaron las acciones que realiza la Provincia, en el marco de la pandemia de coronavirus, tanto en vacunaci\u00f3n y testeo, como en la atenci\u00f3n de personas afectadas.<\/p>\n\n\n\n<p>Cabe destacar que la Naci\u00f3n entreg\u00f3 a la Provincia equipamiento e insumos para continuar fortaleciendo los servicios de salud ante el avance de la segunda ola de Covid-19. Se trata de cinco respiradores que ser\u00e1n distribuidos en el sistema p\u00fablico provincial y 33.100 dosis de la vacuna Astrazeneca, destinadas a iniciar el esquema de vacunaci\u00f3n en la poblaci\u00f3n objetivo de esta campa\u00f1a y para administrar la segunda dosis a aquellas personas que recibieron la Covishield o Astrazeneca a mediados de marzo.<\/p>\n\n\n\n<p>Una verg\u00fcenza<\/p>\n\n\n\n<p>Tambi\u00e9n trajo Fern\u00e1ndez 19.200 pruebas r\u00e1pidas de Covid que alcanzan para una semana, 800 camisolines que se usan una sola vez, mil mamelucos con capucha, 5 mil barbijos tipo N95 y 12 mil barbijos tricapa est\u00e9riles.<\/p>\n","protected":false},"excerpt":{"rendered":"<p>En el marco de su visita a la provincia, el presidente de la Naci\u00f3n, Alberto Fern\u00e1ndez y el gobernador Gustavo S\u00e1enz recorrieron el Centro de Recuperaci\u00f3n Covid-19, de vacunaci\u00f3n y de testeo, que funciona en el Centro de Convenciones de Limache. Los mandatarios estuvieron acompa\u00f1ados por los ministros de Salud de Naci\u00f3n, Carla Vizzotti y [&hellip;]<\/p>\n","protected":false},"author":2,"featured_media":24978,"comment_status":"open","ping_status":"open","sticky":false,"template":"","format":"standard","meta":{"tdm_status":"","tdm_grid_status":"","_joinchat":[],"footnotes":""},"categories":[65],"tags":[],"class_list":{"0":"post-24977","1":"post","2":"type-post","3":"status-publish","4":"format-standard","5":"has-post-thumbnail","7":"category-coronavirus"},"amp_enabled":true,"_links":{"self":[{"href":"https:\/\/www.todoeldia.com\/index.php\/wp-json\/wp\/v2\/posts\/24977","targetHints":{"allow":["GET"]}}],"collection":[{"href":"https:\/\/www.todoeldia.com\/index.php\/wp-json\/wp\/v2\/posts"}],"about":[{"href":"https:\/\/www.todoeldia.com\/index.php\/wp-json\/wp\/v2\/types\/post"}],"author":[{"embeddable":true,"href":"https:\/\/www.todoeldia.com\/index.php\/wp-json\/wp\/v2\/users\/2"}],"replies":[{"embeddable":true,"href":"https:\/\/www.todoeldia.com\/index.php\/wp-json\/wp\/v2\/comments?post=24977"}],"version-history":[{"count":1,"href":"https:\/\/www.todoeldia.com\/index.php\/wp-json\/wp\/v2\/posts\/24977\/revisions"}],"predecessor-version":[{"id":24979,"href":"https:\/\/www.todoeldia.com\/index.php\/wp-json\/wp\/v2\/posts\/24977\/revisions\/24979"}],"wp:featuredmedia":[{"embeddable":true,"href":"https:\/\/www.todoeldia.com\/index.php\/wp-json\/wp\/v2\/media\/24978"}],"wp:attachment":[{"href":"https:\/\/www.todoeldia.com\/index.php\/wp-json\/wp\/v2\/media?parent=24977"}],"wp:term":[{"taxonomy":"category","embeddable":true,"href":"https:\/\/www.todoeldia.com\/index.php\/wp-json\/wp\/v2\/categories?post=24977"},{"taxonomy":"post_tag","embeddable":true,"href":"https:\/\/www.todoeldia.com\/index.php\/wp-json\/wp\/v2\/tags?post=24977"}],"curies":[{"name":"wp","href":"https:\/\/api.w.org\/{rel}","templated":true}]}}