{"id":25154,"date":"2021-06-24T20:19:28","date_gmt":"2021-06-24T23:19:28","guid":{"rendered":"https:\/\/www.todoeldia.com\/?p=25154"},"modified":"2021-06-24T20:19:29","modified_gmt":"2021-06-24T23:19:29","slug":"salio-de-prision-y-asesino-a-su-padrastro","status":"publish","type":"post","link":"https:\/\/www.todoeldia.com\/index.php\/2021\/06\/24\/salio-de-prision-y-asesino-a-su-padrastro\/","title":{"rendered":"Sali\u00f3 de prisi\u00f3n y asesin\u00f3 a su padrastro"},"content":{"rendered":"\n<p>El fiscal penal de la Unidad de Graves Atentados contras las Personas de Tartagal, Gonzalo Ariel Vega, imput\u00f3 provisionalmente a Facundo Andr\u00e9s Gerez, de 27 a\u00f1os, por el delito de homicidio en grado de autor, en perjuicio de Alfredo Humberto D\u00edaz. Durante la audiencia de imputaci\u00f3n, el acusado se abstuvo de declarar. El fiscal solicit\u00f3 al Juzgado de Garant\u00edas interviniente el mantenimiento de su detenci\u00f3n.<\/p>\n\n\n\n<p>La intervenci\u00f3n del fiscal penal Gonzalo Ariel Vega, se produjo tras las actuaciones del personal del Destacamento Policial Villa G\u00fcemes de Tartagal, en las que consta que en la madrugada del pasado 21 de junio, cerca de las 2, la v\u00edctima Alfredo Humberto D\u00edaz y el imputado Andr\u00e9s Facundo Gerez, quien portaba un arma blanca, se encontraban en la esquina de las calles Juan Domingo Per\u00f3n y Reconquista.<\/p>\n\n\n\n<p>En un momento dado, el imputado Gerez le produjo a D\u00edaz una lesi\u00f3n en el t\u00f3rax, que le produjo la muerte en el lugar.<\/p>\n\n\n\n<p>Gerez ya cuenta con antecedes condenatorios y fue recientemente liberado tras cumplir una condena de 8 a\u00f1os por el delito de abuso sexual con acceso carnal en perjuicio de una ni\u00f1a de 7 a\u00f1os, ocurrido en noviembre de 2012.<\/p>\n\n\n\n<p>Seg\u00fan familiares de la v\u00edctima, durante los a\u00f1os en los que cumpli\u00f3 su condena, el acusado sostuvo que iba a ajusticiar a D\u00edaz apenas recuperara su libertad.<\/p>\n","protected":false},"excerpt":{"rendered":"<p>El fiscal penal de la Unidad de Graves Atentados contras las Personas de Tartagal, Gonzalo Ariel Vega, imput\u00f3 provisionalmente a Facundo Andr\u00e9s Gerez, de 27 a\u00f1os, por el delito de homicidio en grado de autor, en perjuicio de Alfredo Humberto D\u00edaz. Durante la audiencia de imputaci\u00f3n, el acusado se abstuvo de declarar. El fiscal solicit\u00f3 [&hellip;]<\/p>\n","protected":false},"author":2,"featured_media":25155,"comment_status":"open","ping_status":"open","sticky":false,"template":"","format":"standard","meta":{"tdm_status":"","tdm_grid_status":"","_joinchat":[],"footnotes":""},"categories":[73],"tags":[],"class_list":{"0":"post-25154","1":"post","2":"type-post","3":"status-publish","4":"format-standard","5":"has-post-thumbnail","7":"category-noticias-general"},"amp_enabled":true,"_links":{"self":[{"href":"https:\/\/www.todoeldia.com\/index.php\/wp-json\/wp\/v2\/posts\/25154","targetHints":{"allow":["GET"]}}],"collection":[{"href":"https:\/\/www.todoeldia.com\/index.php\/wp-json\/wp\/v2\/posts"}],"about":[{"href":"https:\/\/www.todoeldia.com\/index.php\/wp-json\/wp\/v2\/types\/post"}],"author":[{"embeddable":true,"href":"https:\/\/www.todoeldia.com\/index.php\/wp-json\/wp\/v2\/users\/2"}],"replies":[{"embeddable":true,"href":"https:\/\/www.todoeldia.com\/index.php\/wp-json\/wp\/v2\/comments?post=25154"}],"version-history":[{"count":1,"href":"https:\/\/www.todoeldia.com\/index.php\/wp-json\/wp\/v2\/posts\/25154\/revisions"}],"predecessor-version":[{"id":25156,"href":"https:\/\/www.todoeldia.com\/index.php\/wp-json\/wp\/v2\/posts\/25154\/revisions\/25156"}],"wp:featuredmedia":[{"embeddable":true,"href":"https:\/\/www.todoeldia.com\/index.php\/wp-json\/wp\/v2\/media\/25155"}],"wp:attachment":[{"href":"https:\/\/www.todoeldia.com\/index.php\/wp-json\/wp\/v2\/media?parent=25154"}],"wp:term":[{"taxonomy":"category","embeddable":true,"href":"https:\/\/www.todoeldia.com\/index.php\/wp-json\/wp\/v2\/categories?post=25154"},{"taxonomy":"post_tag","embeddable":true,"href":"https:\/\/www.todoeldia.com\/index.php\/wp-json\/wp\/v2\/tags?post=25154"}],"curies":[{"name":"wp","href":"https:\/\/api.w.org\/{rel}","templated":true}]}}