{"id":25157,"date":"2021-06-24T20:23:44","date_gmt":"2021-06-24T23:23:44","guid":{"rendered":"https:\/\/www.todoeldia.com\/?p=25157"},"modified":"2021-06-24T20:23:45","modified_gmt":"2021-06-24T23:23:45","slug":"la-justicia-federal-se-hara-cargo-de-la-causa-de-la-empresa-silvia-magno","status":"publish","type":"post","link":"https:\/\/www.todoeldia.com\/index.php\/2021\/06\/24\/la-justicia-federal-se-hara-cargo-de-la-causa-de-la-empresa-silvia-magno\/","title":{"rendered":"La Justicia Federal se har\u00e1 cargo de la causa de la empresa Silvia Magno"},"content":{"rendered":"\n<p>Luego de analizar las pruebas recabadas, la fiscala Penal de la Unidad de Delitos Econ\u00f3micos Complejos, Ana In\u00e9s Salinas Odorisio, declin\u00f3 la competencia provincial en la causa que se le sigue a la empresaria por el delito de violaci\u00f3n a las medidas adoptadas por las autoridades competentes para impedir la introducci\u00f3n o propagaci\u00f3n de una epidemia.<\/p>\n\n\n\n<p>La fiscala Penal de la Unidad de Delitos Econ\u00f3micos Complejos, Ana In\u00e9s Salinas Odorisio, elev\u00f3 al Juzgado de Garant\u00edas N\u00b0 4, la declaraci\u00f3n de incompetencia material en la causa de Silvia Magno, originada a partir de la violaci\u00f3n a las medidas adoptadas por las autoridades competentes para impedir la introducci\u00f3n o propagaci\u00f3n de una epidemia en 2020.<\/p>\n\n\n\n<p>Luego de realizar la investigaci\u00f3n y analizar la totalidad de las pruebas recogidas, Salinas Odorisio consider\u00f3 que \u201cel hecho incriminado resulta ajeno a la jurisdicci\u00f3n provincial, por lo que no corresponde la continuidad de la actuaci\u00f3n de las autoridades judiciales hasta aqu\u00ed intervinientes\u201d<\/p>\n\n\n\n<p>En el escrito elevado al juez de Garant\u00edas, la fiscala se\u00f1al\u00f3 que \u201cel hecho endilgado a la encartada Magno implica que se han violentado las formas y requisitos impuestos por las autoridades nacionales en virtud del DNU 297\/20 y las excepciones al cumplimiento del aislamiento social, preventivo y obligatorio (en particular por la Comisi\u00f3n Nacional de Regulaci\u00f3n del Transporte Nacional y el Ministerio de Transporte de la Naci\u00f3n) para efectuar el transporte interjuridiccional de personas en el marco de la emergencia sanitaria por la pandemia de Covid-19; siendo dichas medidas impuestas para proteger la salud p\u00fablica de la poblaci\u00f3n y evitar la propagaci\u00f3n de la enfermedad a un n\u00famero indeterminado de personas m\u00e1xime considerando que en el presente caso se trata de transporte interjurisdiccional\u201d.<\/p>\n\n\n\n<p>Cabe recordar que la Unidad de Delitos Econ\u00f3micos Complejos tom\u00f3 intervenci\u00f3n de oficio en la causa, a partir de las noticias que tomaron estado p\u00fablico y que indicaron que el 9 de abril de 2020 llegaron 40 estudiantes desde la provincia de C\u00f3rdoba, quienes habr\u00edan abonado la suma de $ 3.500 a la empresa de Silvia Magno, y que, seg\u00fan denunci\u00f3 una madre en una entrevista radial, tras lograr una \u201cdemorada\u201d autorizaci\u00f3n supuestamente del Ministerio de Seguridad de Salta, los traslad\u00f3 \u201cde regreso a casa\u201d.<\/p>\n\n\n\n<p>El 16 de junio de 2020, durante la audiencia de imputaci\u00f3n, Magno se hab\u00eda negado a declarar aunque despu\u00e9s present\u00f3 por escrito un descargo, acompa\u00f1ando copia simple de documentaci\u00f3n consistentes en DUT y autorizaciones de la Subsecretar\u00eda de Transporte de la Naci\u00f3n.<\/p>\n\n\n\n<p>Luego de reunir las pruebas y tomar declaraci\u00f3n testimonial a Juan Carlos Garrido, en su car\u00e1cter de Delegado Regional de la Comisi\u00f3n Nacional de Regulaci\u00f3n del Transporte(CNRT), Salinas Odorisio decidi\u00f3 elevar la declaraci\u00f3n de incompetencia material del fuero provincial en la causa.<\/p>\n","protected":false},"excerpt":{"rendered":"<p>Luego de analizar las pruebas recabadas, la fiscala Penal de la Unidad de Delitos Econ\u00f3micos Complejos, Ana In\u00e9s Salinas Odorisio, declin\u00f3 la competencia provincial en la causa que se le sigue a la empresaria por el delito de violaci\u00f3n a las medidas adoptadas por las autoridades competentes para impedir la introducci\u00f3n o propagaci\u00f3n de una [&hellip;]<\/p>\n","protected":false},"author":2,"featured_media":25158,"comment_status":"open","ping_status":"open","sticky":false,"template":"","format":"standard","meta":{"tdm_status":"","tdm_grid_status":"","_joinchat":[],"footnotes":""},"categories":[65],"tags":[],"class_list":{"0":"post-25157","1":"post","2":"type-post","3":"status-publish","4":"format-standard","5":"has-post-thumbnail","7":"category-coronavirus"},"amp_enabled":true,"_links":{"self":[{"href":"https:\/\/www.todoeldia.com\/index.php\/wp-json\/wp\/v2\/posts\/25157","targetHints":{"allow":["GET"]}}],"collection":[{"href":"https:\/\/www.todoeldia.com\/index.php\/wp-json\/wp\/v2\/posts"}],"about":[{"href":"https:\/\/www.todoeldia.com\/index.php\/wp-json\/wp\/v2\/types\/post"}],"author":[{"embeddable":true,"href":"https:\/\/www.todoeldia.com\/index.php\/wp-json\/wp\/v2\/users\/2"}],"replies":[{"embeddable":true,"href":"https:\/\/www.todoeldia.com\/index.php\/wp-json\/wp\/v2\/comments?post=25157"}],"version-history":[{"count":1,"href":"https:\/\/www.todoeldia.com\/index.php\/wp-json\/wp\/v2\/posts\/25157\/revisions"}],"predecessor-version":[{"id":25159,"href":"https:\/\/www.todoeldia.com\/index.php\/wp-json\/wp\/v2\/posts\/25157\/revisions\/25159"}],"wp:featuredmedia":[{"embeddable":true,"href":"https:\/\/www.todoeldia.com\/index.php\/wp-json\/wp\/v2\/media\/25158"}],"wp:attachment":[{"href":"https:\/\/www.todoeldia.com\/index.php\/wp-json\/wp\/v2\/media?parent=25157"}],"wp:term":[{"taxonomy":"category","embeddable":true,"href":"https:\/\/www.todoeldia.com\/index.php\/wp-json\/wp\/v2\/categories?post=25157"},{"taxonomy":"post_tag","embeddable":true,"href":"https:\/\/www.todoeldia.com\/index.php\/wp-json\/wp\/v2\/tags?post=25157"}],"curies":[{"name":"wp","href":"https:\/\/api.w.org\/{rel}","templated":true}]}}