{"id":25297,"date":"2021-06-28T20:48:15","date_gmt":"2021-06-28T23:48:15","guid":{"rendered":"https:\/\/www.todoeldia.com\/?p=25297"},"modified":"2021-06-28T20:48:16","modified_gmt":"2021-06-28T23:48:16","slug":"sin-apoyo-del-gobierno-milagro-sala-y-la-tupac-amaru-se-diluyen-en-la-politica-jujena","status":"publish","type":"post","link":"https:\/\/www.todoeldia.com\/index.php\/2021\/06\/28\/sin-apoyo-del-gobierno-milagro-sala-y-la-tupac-amaru-se-diluyen-en-la-politica-jujena\/","title":{"rendered":"Sin apoyo del Gobierno, Milagro Sala y la Tupac Amaru se diluyen en la pol\u00edtica juje\u00f1a"},"content":{"rendered":"\n<p>Con pol\u00e9mica porque la Justicia electoral provincial no la dej\u00f3 votar, la fuerza de la activista social que tiene prisi\u00f3n domiciliaria qued\u00f3 \u00faltima en los comicios provinciales.<\/p>\n\n\n\n<p>Lejos de la Casa Rosada y con arresto domiciliario, la activista Milagro Sala ve diluir su poder en Jujuy con el paso de cada una de las elecciones. Los n\u00fameros que dejaron las urnas en los comicios del domingo muestran que la luz de la dirigente que fund\u00f3 la Tupac Amaru y que supo conseguir la representaci\u00f3n de poco m\u00e1s del 33% del electorado provincial se fue apagando con la distancia que fue tomando el kirchnerismo de Balcarce 50.<\/p>\n\n\n\n<p>La Tupac se present\u00f3 a las elecciones dentro del denominado Frente Unidad para la Victoria, fuerza pol\u00edtica que contaba con el apoyo del kirchnerismo duro y que fue a la disputa levantando como bandera la figura de Sala. Sin embargo, apenas alcanz\u00f3 el 5,36%, lejos de los 41 puntos del oficialismo y hasta superada por el Frente de los Trabajadores de Izquierda que sacaron el 7,53% de los sufragios. Al final de la jornada, ocupaba el \u00faltimo lugar y estaba en duda si iba a lograr que entrara alguno de sus candidatos a la legislatura.<\/p>\n\n\n\n<p>Desde que Milagro Sala salt\u00f3 a la pol\u00edtica electoral su poder fue menguando. En las elecciones legislativas para el Congreso Nacional de 2013 el Partido por la Soberan\u00eda Popular, que es el brazo electoral de la agrupaci\u00f3n sindical y barrial Tupac Amaru, fue de la mano del Frente para la Victoria y obtuvo 120.460 votos, lo que signific\u00f3 el 33,2% de los votos de la provincia. En la siguiente elecci\u00f3n, en el 2015 los votos empezaron a mostrar una peque\u00f1a ca\u00edda. A pesar de que era el momento de Cristina Kirchner en la Presidencia y que Sala mostraba su gesti\u00f3n paralela de la provincia bajo el amparo de la Casa Rosada, ese a\u00f1o obtuvo m\u00e1s votos pero menos en porcentaje: 128.738 votos, lo que signific\u00f3 el 31,76% y mantuvo uno de los tres lugares en juego.<\/p>\n\n\n\n<p>Pero esa tendencia a la baja se profundiz\u00f3 en 2017. Sala ya hab\u00eda perdido contra Gerardo Morales y estaba detenida desde el 2016. En esa elecci\u00f3n, con Cambiemos en la Casa Rosada y en la gobernaci\u00f3n provincial, el brazo electoral de la Tupac obtuvo 70.818 votos (19,7%), lo que signific\u00f3 una p\u00e9rdida de representatividad.<\/p>\n\n\n\n<p>Para 2019 la situaci\u00f3n ya hab\u00eda entrado en una fuerte ca\u00edda de popularidad. Sala segu\u00eda detenida y la Tupac se iba deteriorando en la misma proporci\u00f3n en que Morales iba incrementando su poder en la provincia. Ese a\u00f1o, en donde el radical logr\u00f3 imponerse en las urnas a pesar de que en la Naci\u00f3n Juntos por el Cambio terminar\u00eda perdiendo y abandonando el poder, la organizaci\u00f3n de Milagro Sala obtuvo 12.559 votos, un 3,4% del electorado, y finalmente no calific\u00f3 por no romper el piso del 5 por ciento.<\/p>\n\n\n\n<p>Desde que empez\u00f3 a formar parte de las contiendas electorales, la Tupac Amaru perdi\u00f3 el 89,5% de los votos y sube al 90,2% si se toma el punto m\u00e1ximo que fue en 2015. Entre un evento y otro apenas pasaron seis a\u00f1os.<\/p>\n\n\n\n<p>En esta \u00faltima elecci\u00f3n, en donde el Partido por la Soberan\u00eda Popular fue dentro del Frente Unidad para la Victoria junto a otras 24 fuerzas pol\u00edticas de la provincia de Jujuy pero sin demasiado empuje del kirchnerismo a nivel nacional y mucho menos del Gobierno, el magro resultado la deja a Milagro Sala como la principal perdedora del fin de semana.<\/p>\n","protected":false},"excerpt":{"rendered":"<p>Con pol\u00e9mica porque la Justicia electoral provincial no la dej\u00f3 votar, la fuerza de la activista social que tiene prisi\u00f3n domiciliaria qued\u00f3 \u00faltima en los comicios provinciales. Lejos de la Casa Rosada y con arresto domiciliario, la activista Milagro Sala ve diluir su poder en Jujuy con el paso de cada una de las elecciones. [&hellip;]<\/p>\n","protected":false},"author":2,"featured_media":25298,"comment_status":"open","ping_status":"open","sticky":false,"template":"","format":"standard","meta":{"tdm_status":"","tdm_grid_status":"","_joinchat":[],"footnotes":""},"categories":[59],"tags":[],"class_list":{"0":"post-25297","1":"post","2":"type-post","3":"status-publish","4":"format-standard","5":"has-post-thumbnail","7":"category-politica"},"amp_enabled":true,"_links":{"self":[{"href":"https:\/\/www.todoeldia.com\/index.php\/wp-json\/wp\/v2\/posts\/25297","targetHints":{"allow":["GET"]}}],"collection":[{"href":"https:\/\/www.todoeldia.com\/index.php\/wp-json\/wp\/v2\/posts"}],"about":[{"href":"https:\/\/www.todoeldia.com\/index.php\/wp-json\/wp\/v2\/types\/post"}],"author":[{"embeddable":true,"href":"https:\/\/www.todoeldia.com\/index.php\/wp-json\/wp\/v2\/users\/2"}],"replies":[{"embeddable":true,"href":"https:\/\/www.todoeldia.com\/index.php\/wp-json\/wp\/v2\/comments?post=25297"}],"version-history":[{"count":1,"href":"https:\/\/www.todoeldia.com\/index.php\/wp-json\/wp\/v2\/posts\/25297\/revisions"}],"predecessor-version":[{"id":25299,"href":"https:\/\/www.todoeldia.com\/index.php\/wp-json\/wp\/v2\/posts\/25297\/revisions\/25299"}],"wp:featuredmedia":[{"embeddable":true,"href":"https:\/\/www.todoeldia.com\/index.php\/wp-json\/wp\/v2\/media\/25298"}],"wp:attachment":[{"href":"https:\/\/www.todoeldia.com\/index.php\/wp-json\/wp\/v2\/media?parent=25297"}],"wp:term":[{"taxonomy":"category","embeddable":true,"href":"https:\/\/www.todoeldia.com\/index.php\/wp-json\/wp\/v2\/categories?post=25297"},{"taxonomy":"post_tag","embeddable":true,"href":"https:\/\/www.todoeldia.com\/index.php\/wp-json\/wp\/v2\/tags?post=25297"}],"curies":[{"name":"wp","href":"https:\/\/api.w.org\/{rel}","templated":true}]}}