{"id":25390,"date":"2021-06-30T20:35:37","date_gmt":"2021-06-30T23:35:37","guid":{"rendered":"https:\/\/www.todoeldia.com\/?p=25390"},"modified":"2021-06-30T20:35:38","modified_gmt":"2021-06-30T23:35:38","slug":"dos-detenidos-en-una-causa-por-robo-a-un-prestamista","status":"publish","type":"post","link":"https:\/\/www.todoeldia.com\/index.php\/2021\/06\/30\/dos-detenidos-en-una-causa-por-robo-a-un-prestamista\/","title":{"rendered":"Dos detenidos en una causa por robo a un prestamista"},"content":{"rendered":"\n<p>Este fin de semana, la polic\u00eda puso a disposici\u00f3n de la justicia a dos personas tras una minuciosa investigaci\u00f3n realizada en torno a una causa por robo bajo la modalidad violentadores ocurrido d\u00edas pasado en barrio Pereyra Rozas.<\/p>\n\n\n\n<p>El procedimiento se concret\u00f3 luego de que la Divisi\u00f3n Delitos Contra la Propiedad trabajar\u00e1 bajo la direcci\u00f3n de la Unidad Fiscal Contra Robo y Hurto, en denuncias radicadas por un joven prestamista que d\u00edas pasados habr\u00eda sido agredido por un grupo de personas, quienes lo habr\u00edan despojado de una importante suma de dinero, y un autom\u00f3vil que fue recuperado a las pocas horas de ocurrido los hechos.<\/p>\n\n\n\n<p>Las diversas tareas realizadas, permitieron definir el perfil criminal de los sospechosos e identificar los inmuebles que frecuentaban, con estas pruebas solicitaron dos \u00f3rdenes de allanamientos al Juzgado de Garant\u00edas 7.<\/p>\n\n\n\n<p>Las medidas se concretaron el s\u00e1bado pasado en una vivienda de calle Florida y otra en barrio Pereyra Rozas, donde incautaron dinero en efectivo, drogas, celulares e indumentaria policial que habr\u00eda sido utilizada por los sospechosos.<\/p>\n\n\n\n<p>En tanto un hombre y una mujer fueron puestos a disposici\u00f3n de la justicia, por supuesto robo doblemente calificado por el uso de armas en poblado y en banda.<\/p>\n\n\n\n<p>La investigaci\u00f3n continua para identificar al resto de los involucrados.<\/p>\n","protected":false},"excerpt":{"rendered":"<p>Este fin de semana, la polic\u00eda puso a disposici\u00f3n de la justicia a dos personas tras una minuciosa investigaci\u00f3n realizada en torno a una causa por robo bajo la modalidad violentadores ocurrido d\u00edas pasado en barrio Pereyra Rozas. El procedimiento se concret\u00f3 luego de que la Divisi\u00f3n Delitos Contra la Propiedad trabajar\u00e1 bajo la direcci\u00f3n [&hellip;]<\/p>\n","protected":false},"author":2,"featured_media":25391,"comment_status":"open","ping_status":"open","sticky":false,"template":"","format":"standard","meta":{"tdm_status":"","tdm_grid_status":"","_joinchat":[],"footnotes":""},"categories":[63],"tags":[],"class_list":{"0":"post-25390","1":"post","2":"type-post","3":"status-publish","4":"format-standard","5":"has-post-thumbnail","7":"category-policiales"},"amp_enabled":true,"_links":{"self":[{"href":"https:\/\/www.todoeldia.com\/index.php\/wp-json\/wp\/v2\/posts\/25390","targetHints":{"allow":["GET"]}}],"collection":[{"href":"https:\/\/www.todoeldia.com\/index.php\/wp-json\/wp\/v2\/posts"}],"about":[{"href":"https:\/\/www.todoeldia.com\/index.php\/wp-json\/wp\/v2\/types\/post"}],"author":[{"embeddable":true,"href":"https:\/\/www.todoeldia.com\/index.php\/wp-json\/wp\/v2\/users\/2"}],"replies":[{"embeddable":true,"href":"https:\/\/www.todoeldia.com\/index.php\/wp-json\/wp\/v2\/comments?post=25390"}],"version-history":[{"count":1,"href":"https:\/\/www.todoeldia.com\/index.php\/wp-json\/wp\/v2\/posts\/25390\/revisions"}],"predecessor-version":[{"id":25392,"href":"https:\/\/www.todoeldia.com\/index.php\/wp-json\/wp\/v2\/posts\/25390\/revisions\/25392"}],"wp:featuredmedia":[{"embeddable":true,"href":"https:\/\/www.todoeldia.com\/index.php\/wp-json\/wp\/v2\/media\/25391"}],"wp:attachment":[{"href":"https:\/\/www.todoeldia.com\/index.php\/wp-json\/wp\/v2\/media?parent=25390"}],"wp:term":[{"taxonomy":"category","embeddable":true,"href":"https:\/\/www.todoeldia.com\/index.php\/wp-json\/wp\/v2\/categories?post=25390"},{"taxonomy":"post_tag","embeddable":true,"href":"https:\/\/www.todoeldia.com\/index.php\/wp-json\/wp\/v2\/tags?post=25390"}],"curies":[{"name":"wp","href":"https:\/\/api.w.org\/{rel}","templated":true}]}}