{"id":25435,"date":"2021-07-01T20:49:55","date_gmt":"2021-07-01T23:49:55","guid":{"rendered":"https:\/\/www.todoeldia.com\/?p=25435"},"modified":"2021-07-01T20:49:56","modified_gmt":"2021-07-01T23:49:56","slug":"terrible-palo-entre-dos-motociclistas-en-el-portezuelo","status":"publish","type":"post","link":"https:\/\/www.todoeldia.com\/index.php\/2021\/07\/01\/terrible-palo-entre-dos-motociclistas-en-el-portezuelo\/","title":{"rendered":"Terrible palo entre dos motociclistas en el Portezuelo"},"content":{"rendered":"\n<p>El pasado 29 de junio a las 5.53 los operadores de las c\u00e1maras de seguridad del Sistema de Emergencias 911 registraron el momento en el que colisionaron dos motociclistas en el barrio El Portezuelo.<\/p>\n\n\n\n<p>Inmediatamente se envi\u00f3 asistencia policial y m\u00e9dica. La moto que circulaba por avenida Asunci\u00f3n era conducida por un hombre de 21 a\u00f1os y la moto que sal\u00eda del barrio era guiada por una mujer de 29 a\u00f1os, quien sufri\u00f3 politraumatismos.<\/p>\n\n\n\n<figure class=\"wp-block-embed is-type-video is-provider-youtube wp-block-embed-youtube wp-embed-aspect-16-9 wp-has-aspect-ratio\"><div class=\"wp-block-embed__wrapper\">\n<iframe loading=\"lazy\" title=\"accidente motos\" width=\"696\" height=\"392\" src=\"https:\/\/www.youtube.com\/embed\/Yqc-GsEbHqc?feature=oembed\" frameborder=\"0\" allow=\"accelerometer; autoplay; clipboard-write; encrypted-media; gyroscope; picture-in-picture\" allowfullscreen><\/iframe>\n<\/div><\/figure>\n\n\n\n<p>Fue asistida por personal de SAMEC y trasladada a una cl\u00ednica privada. Se confirm\u00f3 que ninguno de los conductores presentaba alcohol en sangre. Las actuaciones quedaron a cargo de la Fiscal\u00eda interviniente y de la dependencia del sector.<\/p>\n","protected":false},"excerpt":{"rendered":"<p>El pasado 29 de junio a las 5.53 los operadores de las c\u00e1maras de seguridad del Sistema de Emergencias 911 registraron el momento en el que colisionaron dos motociclistas en el barrio El Portezuelo. Inmediatamente se envi\u00f3 asistencia policial y m\u00e9dica. La moto que circulaba por avenida Asunci\u00f3n era conducida por un hombre de 21 [&hellip;]<\/p>\n","protected":false},"author":2,"featured_media":25436,"comment_status":"open","ping_status":"open","sticky":false,"template":"","format":"standard","meta":{"tdm_status":"","tdm_grid_status":"","_joinchat":[],"footnotes":""},"categories":[73],"tags":[],"class_list":{"0":"post-25435","1":"post","2":"type-post","3":"status-publish","4":"format-standard","5":"has-post-thumbnail","7":"category-noticias-general"},"amp_enabled":true,"_links":{"self":[{"href":"https:\/\/www.todoeldia.com\/index.php\/wp-json\/wp\/v2\/posts\/25435","targetHints":{"allow":["GET"]}}],"collection":[{"href":"https:\/\/www.todoeldia.com\/index.php\/wp-json\/wp\/v2\/posts"}],"about":[{"href":"https:\/\/www.todoeldia.com\/index.php\/wp-json\/wp\/v2\/types\/post"}],"author":[{"embeddable":true,"href":"https:\/\/www.todoeldia.com\/index.php\/wp-json\/wp\/v2\/users\/2"}],"replies":[{"embeddable":true,"href":"https:\/\/www.todoeldia.com\/index.php\/wp-json\/wp\/v2\/comments?post=25435"}],"version-history":[{"count":1,"href":"https:\/\/www.todoeldia.com\/index.php\/wp-json\/wp\/v2\/posts\/25435\/revisions"}],"predecessor-version":[{"id":25437,"href":"https:\/\/www.todoeldia.com\/index.php\/wp-json\/wp\/v2\/posts\/25435\/revisions\/25437"}],"wp:featuredmedia":[{"embeddable":true,"href":"https:\/\/www.todoeldia.com\/index.php\/wp-json\/wp\/v2\/media\/25436"}],"wp:attachment":[{"href":"https:\/\/www.todoeldia.com\/index.php\/wp-json\/wp\/v2\/media?parent=25435"}],"wp:term":[{"taxonomy":"category","embeddable":true,"href":"https:\/\/www.todoeldia.com\/index.php\/wp-json\/wp\/v2\/categories?post=25435"},{"taxonomy":"post_tag","embeddable":true,"href":"https:\/\/www.todoeldia.com\/index.php\/wp-json\/wp\/v2\/tags?post=25435"}],"curies":[{"name":"wp","href":"https:\/\/api.w.org\/{rel}","templated":true}]}}