{"id":25575,"date":"2021-07-06T20:08:54","date_gmt":"2021-07-06T23:08:54","guid":{"rendered":"https:\/\/www.todoeldia.com\/?p=25575"},"modified":"2021-07-06T20:08:55","modified_gmt":"2021-07-06T23:08:55","slug":"en-salta-rechazaron-el-sobreseimiento-a-25-funcionarios-publicos-que-cobraron-el-ife","status":"publish","type":"post","link":"https:\/\/www.todoeldia.com\/index.php\/2021\/07\/06\/en-salta-rechazaron-el-sobreseimiento-a-25-funcionarios-publicos-que-cobraron-el-ife\/","title":{"rendered":"En Salta rechazaron el sobreseimiento a 25 funcionarios p\u00fablicos que cobraron el IFE"},"content":{"rendered":"\n<p>A trav\u00e9s de sus defensores, los acusados hab\u00edan sostenido que no hubo delito y culparon al Estado por fallas en las tareas de control. Tampoco prosper\u00f3 un pedido de suspensi\u00f3n de juicio a prueba para los acusados m\u00e1s comprometidos.<\/p>\n\n\n\n<p>La jueza de Revisi\u00f3n de la C\u00e1mara Federal de Apelaciones de Salta, Mariana Catalano, rechaz\u00f3 el sobreseimiento solicitado por la mayor\u00eda de los acusados de maniobras il\u00edcitas en torno a la percepci\u00f3n indebida del Ingreso Familiar de Emergencia (IFE), al cabo de una extensa audiencia de control de acusaci\u00f3n que demand\u00f3 dos jornadas, entre el mi\u00e9rcoles y el jueves pasado.<\/p>\n\n\n\n<p>La resoluci\u00f3n se dict\u00f3 en el marco del proceso penal que se sigue contra 24 concejales de distintas localidades de la provincia y un empleado del Concejo Deliberante de la comuna capitalina.<\/p>\n\n\n\n<p>De los 25 acusados, 18 lo est\u00e1n por defraudaci\u00f3n a la Administraci\u00f3n P\u00fablica en concurso ideal con incumplimiento de deberes de funcionario p\u00fablico. La misma imputaci\u00f3n recae a los 7 acusados restantes, pero en calidad de tentativa respecto al fraude.<\/p>\n\n\n\n<p>El pedido de sobreseimiento, introducido como cuesti\u00f3n preliminar, fue rebatido por el fiscal federal Ricardo Toranzos, quien lleva adelante la acusaci\u00f3n. Tambi\u00e9n se descartaron otras peticiones defensivas que pasaron por el cambio de calificaci\u00f3n y la separaci\u00f3n jurisdiccional del caso.<\/p>\n","protected":false},"excerpt":{"rendered":"<p>A trav\u00e9s de sus defensores, los acusados hab\u00edan sostenido que no hubo delito y culparon al Estado por fallas en las tareas de control. Tampoco prosper\u00f3 un pedido de suspensi\u00f3n de juicio a prueba para los acusados m\u00e1s comprometidos. La jueza de Revisi\u00f3n de la C\u00e1mara Federal de Apelaciones de Salta, Mariana Catalano, rechaz\u00f3 el [&hellip;]<\/p>\n","protected":false},"author":2,"featured_media":25576,"comment_status":"open","ping_status":"open","sticky":false,"template":"","format":"standard","meta":{"tdm_status":"","tdm_grid_status":"","_joinchat":[],"footnotes":""},"categories":[73],"tags":[],"class_list":{"0":"post-25575","1":"post","2":"type-post","3":"status-publish","4":"format-standard","5":"has-post-thumbnail","7":"category-noticias-general"},"amp_enabled":true,"_links":{"self":[{"href":"https:\/\/www.todoeldia.com\/index.php\/wp-json\/wp\/v2\/posts\/25575","targetHints":{"allow":["GET"]}}],"collection":[{"href":"https:\/\/www.todoeldia.com\/index.php\/wp-json\/wp\/v2\/posts"}],"about":[{"href":"https:\/\/www.todoeldia.com\/index.php\/wp-json\/wp\/v2\/types\/post"}],"author":[{"embeddable":true,"href":"https:\/\/www.todoeldia.com\/index.php\/wp-json\/wp\/v2\/users\/2"}],"replies":[{"embeddable":true,"href":"https:\/\/www.todoeldia.com\/index.php\/wp-json\/wp\/v2\/comments?post=25575"}],"version-history":[{"count":1,"href":"https:\/\/www.todoeldia.com\/index.php\/wp-json\/wp\/v2\/posts\/25575\/revisions"}],"predecessor-version":[{"id":25577,"href":"https:\/\/www.todoeldia.com\/index.php\/wp-json\/wp\/v2\/posts\/25575\/revisions\/25577"}],"wp:featuredmedia":[{"embeddable":true,"href":"https:\/\/www.todoeldia.com\/index.php\/wp-json\/wp\/v2\/media\/25576"}],"wp:attachment":[{"href":"https:\/\/www.todoeldia.com\/index.php\/wp-json\/wp\/v2\/media?parent=25575"}],"wp:term":[{"taxonomy":"category","embeddable":true,"href":"https:\/\/www.todoeldia.com\/index.php\/wp-json\/wp\/v2\/categories?post=25575"},{"taxonomy":"post_tag","embeddable":true,"href":"https:\/\/www.todoeldia.com\/index.php\/wp-json\/wp\/v2\/tags?post=25575"}],"curies":[{"name":"wp","href":"https:\/\/api.w.org\/{rel}","templated":true}]}}