{"id":25578,"date":"2021-07-06T20:10:19","date_gmt":"2021-07-06T23:10:19","guid":{"rendered":"https:\/\/www.todoeldia.com\/?p=25578"},"modified":"2021-07-06T20:10:20","modified_gmt":"2021-07-06T23:10:20","slug":"imputaron-y-sigue-detenido-el-boxeador-de-mma-por-lesiones-contra-su-pareja","status":"publish","type":"post","link":"https:\/\/www.todoeldia.com\/index.php\/2021\/07\/06\/imputaron-y-sigue-detenido-el-boxeador-de-mma-por-lesiones-contra-su-pareja\/","title":{"rendered":"Imputaron y sigue detenido el boxeador de MMA por lesiones contra su pareja"},"content":{"rendered":"\n<p>La fiscala de Violencia Familiar y de G\u00e9nero N\u00b03, Gabriela D\u00e1valos, solicit\u00f3 al Juzgado de Garant\u00edas que mantenga la detenci\u00f3n de Juan \u201cEl Le\u00f3n\u201d Varela, un boxeador de Artes Marciales Mixtas (MMA).<\/p>\n\n\n\n<p>La fiscala de Violencia Familiar y de G\u00e9nero N\u00b03, Gabriela D\u00e1valos, lo imput\u00f3 por lesiones agravadas por la relaci\u00f3n de pareja (tres hechos), desobediencia judicial (cuatro hechos), privaci\u00f3n ileg\u00edtima de la libertad agravada por ser la damnificada una persona a quien le debe respeto particular; agresi\u00f3n con arma impropia (dos hechos) y da\u00f1os, todo en concurso real.<\/p>\n\n\n\n<p>Adem\u00e1s, a fin de salvaguardar la integridad f\u00edsica y ps\u00edquica de la v\u00edctima, solicit\u00f3 al Juzgado de Garant\u00edas que mantenga su detenci\u00f3n hasta tanto se le realicen pericias psicol\u00f3gicas.<\/p>\n\n\n\n<p>El hombre fue detenido luego de que su pareja publicara una foto de su rostro ensangrentado en redes sociales denunciando que el hombre la hab\u00eda agredido y que tem\u00eda por su vida y por su embarazo.<\/p>\n","protected":false},"excerpt":{"rendered":"<p>La fiscala de Violencia Familiar y de G\u00e9nero N\u00b03, Gabriela D\u00e1valos, solicit\u00f3 al Juzgado de Garant\u00edas que mantenga la detenci\u00f3n de Juan \u201cEl Le\u00f3n\u201d Varela, un boxeador de Artes Marciales Mixtas (MMA). La fiscala de Violencia Familiar y de G\u00e9nero N\u00b03, Gabriela D\u00e1valos, lo imput\u00f3 por lesiones agravadas por la relaci\u00f3n de pareja (tres hechos), [&hellip;]<\/p>\n","protected":false},"author":2,"featured_media":25579,"comment_status":"open","ping_status":"open","sticky":false,"template":"","format":"standard","meta":{"tdm_status":"","tdm_grid_status":"","_joinchat":[],"footnotes":""},"categories":[63],"tags":[],"class_list":{"0":"post-25578","1":"post","2":"type-post","3":"status-publish","4":"format-standard","5":"has-post-thumbnail","7":"category-policiales"},"amp_enabled":true,"_links":{"self":[{"href":"https:\/\/www.todoeldia.com\/index.php\/wp-json\/wp\/v2\/posts\/25578","targetHints":{"allow":["GET"]}}],"collection":[{"href":"https:\/\/www.todoeldia.com\/index.php\/wp-json\/wp\/v2\/posts"}],"about":[{"href":"https:\/\/www.todoeldia.com\/index.php\/wp-json\/wp\/v2\/types\/post"}],"author":[{"embeddable":true,"href":"https:\/\/www.todoeldia.com\/index.php\/wp-json\/wp\/v2\/users\/2"}],"replies":[{"embeddable":true,"href":"https:\/\/www.todoeldia.com\/index.php\/wp-json\/wp\/v2\/comments?post=25578"}],"version-history":[{"count":1,"href":"https:\/\/www.todoeldia.com\/index.php\/wp-json\/wp\/v2\/posts\/25578\/revisions"}],"predecessor-version":[{"id":25580,"href":"https:\/\/www.todoeldia.com\/index.php\/wp-json\/wp\/v2\/posts\/25578\/revisions\/25580"}],"wp:featuredmedia":[{"embeddable":true,"href":"https:\/\/www.todoeldia.com\/index.php\/wp-json\/wp\/v2\/media\/25579"}],"wp:attachment":[{"href":"https:\/\/www.todoeldia.com\/index.php\/wp-json\/wp\/v2\/media?parent=25578"}],"wp:term":[{"taxonomy":"category","embeddable":true,"href":"https:\/\/www.todoeldia.com\/index.php\/wp-json\/wp\/v2\/categories?post=25578"},{"taxonomy":"post_tag","embeddable":true,"href":"https:\/\/www.todoeldia.com\/index.php\/wp-json\/wp\/v2\/tags?post=25578"}],"curies":[{"name":"wp","href":"https:\/\/api.w.org\/{rel}","templated":true}]}}