{"id":25670,"date":"2021-07-09T19:38:24","date_gmt":"2021-07-09T22:38:24","guid":{"rendered":"https:\/\/www.todoeldia.com\/?p=25670"},"modified":"2021-07-09T19:38:25","modified_gmt":"2021-07-09T22:38:25","slug":"mato-a-su-pareja-a-punaladas-en-la-plaza-a-orillas-del-rio-vaqueros","status":"publish","type":"post","link":"https:\/\/www.todoeldia.com\/index.php\/2021\/07\/09\/mato-a-su-pareja-a-punaladas-en-la-plaza-a-orillas-del-rio-vaqueros\/","title":{"rendered":"Mat\u00f3 a su pareja a pu\u00f1aladas en la plaza a orillas del rio Vaqueros"},"content":{"rendered":"\n<p>La fiscala penal de UFEM, M\u00f3nica Poma, investiga el femicidio ocurrido la noche del jueves, en Vaqueros, municipio del \u00e1rea metropolitana de Salta, donde un hombre de 35 a\u00f1os ultim\u00f3 a su pareja, de la misma edad. El acusado se encuentra detenido y ser\u00e1 imputado este s\u00e1bado.&nbsp;<\/p>\n\n\n\n<p>La fiscala de la Unidad de Femicidios Unidad Fiscal Especializada en Femicidios, M\u00f3nica Poma, orden\u00f3 distintas diligencias en torno al homicidio de una mujer, ocurrido la noche del jueves 8, alrededor de las 23, en la plaza ubicada en la ribera del r\u00edo Vaqueros, cerca del puente de ingreso al municipio.<\/p>\n\n\n\n<p>Su pareja la habr\u00eda atacado con arma blanca, lo que ser\u00e1 corroborado cuando se realice el examen del cuerpo. La v\u00edctima se encontraba viva cuando fue trasladada hacia el hospital San Bernardo, pero dada la gravedad de las lesiones, falleci\u00f3 antes de llegar al nosocomio. La pareja ten\u00eda un hijo en com\u00fan.<\/p>\n\n\n\n<p>En los procedimientos intervino del Departamento de Investigaciones y Criminolog\u00eda del Cuerpo de Investigaciones Fiscales (CIF).<\/p>\n\n\n\n<p>El hombre fue detenido y ser\u00e1 imputado como autor del delito de homicidio agravado por la relaci\u00f3n de pareja preexistente y por el g\u00e9nero, durante la ma\u00f1ana del s\u00e1bado 10.<\/p>\n\n\n\n<p>Interviene el Juzgado de Garant\u00edas 8.&nbsp;&nbsp;&nbsp;&nbsp;&nbsp;&nbsp;&nbsp;&nbsp;&nbsp;&nbsp;&nbsp;&nbsp;<\/p>\n","protected":false},"excerpt":{"rendered":"<p>La fiscala penal de UFEM, M\u00f3nica Poma, investiga el femicidio ocurrido la noche del jueves, en Vaqueros, municipio del \u00e1rea metropolitana de Salta, donde un hombre de 35 a\u00f1os ultim\u00f3 a su pareja, de la misma edad. El acusado se encuentra detenido y ser\u00e1 imputado este s\u00e1bado.&nbsp; La fiscala de la Unidad de Femicidios Unidad [&hellip;]<\/p>\n","protected":false},"author":2,"featured_media":25671,"comment_status":"open","ping_status":"open","sticky":false,"template":"","format":"standard","meta":{"tdm_status":"","tdm_grid_status":"","_joinchat":[],"footnotes":""},"categories":[73],"tags":[],"class_list":{"0":"post-25670","1":"post","2":"type-post","3":"status-publish","4":"format-standard","5":"has-post-thumbnail","7":"category-noticias-general"},"amp_enabled":true,"_links":{"self":[{"href":"https:\/\/www.todoeldia.com\/index.php\/wp-json\/wp\/v2\/posts\/25670","targetHints":{"allow":["GET"]}}],"collection":[{"href":"https:\/\/www.todoeldia.com\/index.php\/wp-json\/wp\/v2\/posts"}],"about":[{"href":"https:\/\/www.todoeldia.com\/index.php\/wp-json\/wp\/v2\/types\/post"}],"author":[{"embeddable":true,"href":"https:\/\/www.todoeldia.com\/index.php\/wp-json\/wp\/v2\/users\/2"}],"replies":[{"embeddable":true,"href":"https:\/\/www.todoeldia.com\/index.php\/wp-json\/wp\/v2\/comments?post=25670"}],"version-history":[{"count":1,"href":"https:\/\/www.todoeldia.com\/index.php\/wp-json\/wp\/v2\/posts\/25670\/revisions"}],"predecessor-version":[{"id":25672,"href":"https:\/\/www.todoeldia.com\/index.php\/wp-json\/wp\/v2\/posts\/25670\/revisions\/25672"}],"wp:featuredmedia":[{"embeddable":true,"href":"https:\/\/www.todoeldia.com\/index.php\/wp-json\/wp\/v2\/media\/25671"}],"wp:attachment":[{"href":"https:\/\/www.todoeldia.com\/index.php\/wp-json\/wp\/v2\/media?parent=25670"}],"wp:term":[{"taxonomy":"category","embeddable":true,"href":"https:\/\/www.todoeldia.com\/index.php\/wp-json\/wp\/v2\/categories?post=25670"},{"taxonomy":"post_tag","embeddable":true,"href":"https:\/\/www.todoeldia.com\/index.php\/wp-json\/wp\/v2\/tags?post=25670"}],"curies":[{"name":"wp","href":"https:\/\/api.w.org\/{rel}","templated":true}]}}