{"id":25722,"date":"2021-07-12T20:09:45","date_gmt":"2021-07-12T23:09:45","guid":{"rendered":"https:\/\/www.todoeldia.com\/?p=25722"},"modified":"2021-07-12T20:09:46","modified_gmt":"2021-07-12T23:09:46","slug":"violenta-mujer-policia-de-infanteria-a-juicio-por-golpear-a-dos-mujeres","status":"publish","type":"post","link":"https:\/\/www.todoeldia.com\/index.php\/2021\/07\/12\/violenta-mujer-policia-de-infanteria-a-juicio-por-golpear-a-dos-mujeres\/","title":{"rendered":"Violenta mujer polic\u00eda de Infanter\u00eda a juicio por golpear a dos mujeres"},"content":{"rendered":"\n<p>La fiscala penal de Derechos Humanos, Ver\u00f3nica Simesen de Bielke, requiri\u00f3 ante el Juzgado de Garant\u00edas 8, la elevaci\u00f3n a juicio de la causa que tiene a la agente Malena del Luj\u00e1n Erazo como imputada por los delitos de vejaciones calificadas y lesiones leves en concurso ideal (dos hechos), todo en concurso real y en calidad de autora.<\/p>\n\n\n\n<p>La fiscala tambi\u00e9n requiri\u00f3 el sobreseimiento de los efectivos Guillermo Esteban Rodr\u00edguez y Claudio Oscar L\u00f3pez, al no haber pruebas que permitan sostener que tuvieron una activa participaci\u00f3n en los hechos denunciados.<\/p>\n\n\n\n<p>Del requerimiento surgi\u00f3 que el 23 de noviembre de 2019, cerca de las 22:30, cuando la denunciante estaba afuera de su domicilio ubicado en barrio Democracia, con la intenci\u00f3n de defender a su hijo que era golpeado por vecinos, lleg\u00f3 el personal policial de la Divisi\u00f3n Infanter\u00eda, a bordo del m\u00f3vil 1846.<\/p>\n\n\n\n<p>Entre los tres efectivos, estaba la agente Erazo, quien desempe\u00f1\u00f3 un acto de servicio y con exceso de sus funciones, acometi\u00f3 en contra de la integridad f\u00edsica de la denunciante y de su hija de 16 a\u00f1os, al abalanzarse sobre la primera para golpearla con su cachiporra en distintas partes del cuerpo y tomar a la menor del pelo para tirarla contra el m\u00f3vil policial.<\/p>\n\n\n\n<p>Por lo relatado, ambas mujeres sufrieron lesiones que fueron constatadas por el Gabinete de Medicina Legal del CIF.<\/p>\n\n\n\n<p>En sus fundamentos, la fiscala penal Ver\u00f3nica Simesen de Bielke, sostuvo que la acusada, mientras cumpl\u00eda un acto de servicio, despleg\u00f3 conductas que da\u00f1aron la integridad f\u00edsica de la denunciante y de su hija, quienes fueron brutalmente agredidas por la imputada que excedi\u00f3 los l\u00edmites impuestos por la Ley N\u00b0 7742, que autoriza a las fuerzas policiales a \u201chacer uso de la fuerza p\u00fablica cuando fuere necesario\u201d.<\/p>\n\n\n\n<p>Las lesiones constatadas en ambas mujeres, permiten sostener que la conducta desplegada por Erazo, afect\u00f3 su dignidad e integridad.<\/p>\n\n\n\n<p>Adem\u00e1s, el sufrimiento infligido, sin lugar a dudas configur\u00f3 un trato denigratorio y humillante, que tuvo por fin mortificarlas.<\/p>\n","protected":false},"excerpt":{"rendered":"<p>La fiscala penal de Derechos Humanos, Ver\u00f3nica Simesen de Bielke, requiri\u00f3 ante el Juzgado de Garant\u00edas 8, la elevaci\u00f3n a juicio de la causa que tiene a la agente Malena del Luj\u00e1n Erazo como imputada por los delitos de vejaciones calificadas y lesiones leves en concurso ideal (dos hechos), todo en concurso real y en [&hellip;]<\/p>\n","protected":false},"author":2,"featured_media":25723,"comment_status":"open","ping_status":"open","sticky":false,"template":"","format":"standard","meta":{"tdm_status":"","tdm_grid_status":"","_joinchat":[],"footnotes":""},"categories":[73],"tags":[],"class_list":{"0":"post-25722","1":"post","2":"type-post","3":"status-publish","4":"format-standard","5":"has-post-thumbnail","7":"category-noticias-general"},"amp_enabled":true,"_links":{"self":[{"href":"https:\/\/www.todoeldia.com\/index.php\/wp-json\/wp\/v2\/posts\/25722","targetHints":{"allow":["GET"]}}],"collection":[{"href":"https:\/\/www.todoeldia.com\/index.php\/wp-json\/wp\/v2\/posts"}],"about":[{"href":"https:\/\/www.todoeldia.com\/index.php\/wp-json\/wp\/v2\/types\/post"}],"author":[{"embeddable":true,"href":"https:\/\/www.todoeldia.com\/index.php\/wp-json\/wp\/v2\/users\/2"}],"replies":[{"embeddable":true,"href":"https:\/\/www.todoeldia.com\/index.php\/wp-json\/wp\/v2\/comments?post=25722"}],"version-history":[{"count":1,"href":"https:\/\/www.todoeldia.com\/index.php\/wp-json\/wp\/v2\/posts\/25722\/revisions"}],"predecessor-version":[{"id":25724,"href":"https:\/\/www.todoeldia.com\/index.php\/wp-json\/wp\/v2\/posts\/25722\/revisions\/25724"}],"wp:featuredmedia":[{"embeddable":true,"href":"https:\/\/www.todoeldia.com\/index.php\/wp-json\/wp\/v2\/media\/25723"}],"wp:attachment":[{"href":"https:\/\/www.todoeldia.com\/index.php\/wp-json\/wp\/v2\/media?parent=25722"}],"wp:term":[{"taxonomy":"category","embeddable":true,"href":"https:\/\/www.todoeldia.com\/index.php\/wp-json\/wp\/v2\/categories?post=25722"},{"taxonomy":"post_tag","embeddable":true,"href":"https:\/\/www.todoeldia.com\/index.php\/wp-json\/wp\/v2\/tags?post=25722"}],"curies":[{"name":"wp","href":"https:\/\/api.w.org\/{rel}","templated":true}]}}