{"id":25879,"date":"2021-07-30T20:57:30","date_gmt":"2021-07-30T23:57:30","guid":{"rendered":"https:\/\/www.todoeldia.com\/?p=25879"},"modified":"2021-07-30T20:57:31","modified_gmt":"2021-07-30T23:57:31","slug":"un-interno-acusado-de-violacion-en-un-hogar-de-ancianos-en-oran","status":"publish","type":"post","link":"https:\/\/www.todoeldia.com\/index.php\/2021\/07\/30\/un-interno-acusado-de-violacion-en-un-hogar-de-ancianos-en-oran\/","title":{"rendered":"Un interno acusado de violaci\u00f3n en un hogar de ancianos en Or\u00e1n"},"content":{"rendered":"\n<p>La fiscala Penal de Violencia Familiar y de G\u00e9nero de Or\u00e1n, Mar\u00eda Soledad Filtr\u00edn Cuezzo, lleva adelante la investigaci\u00f3n. Un hombre de 60 a\u00f1os, alojado en el hogar de ancianos San Vicente de Paul, ser\u00eda el agresor.<\/p>\n\n\n\n<p>La fiscala Penal de Violencia Familiar y de G\u00e9nero de Or\u00e1n, Mar\u00eda Soledad Filtr\u00edn Cuezzo, investiga una denuncia de abuso sexual a una interna del hogar de ancianos San Vicente de Paul, de Or\u00e1n.<\/p>\n\n\n\n<p>La denuncia fue radicada por una de las hijas de la v\u00edctima el mi\u00e9rcoles 28 de julio a las 22, luego de que su hermana recibiera un llamado \u2013calificado como Privado- en el que una persona le indic\u00f3 que \u201cHaga denuncia. Su mam\u00e1 fue abusada dos veces. La primera intentaron abusar. La segunda ya fue abusada\u201d.<\/p>\n\n\n\n<p>Ante ello, inmediatamente la fiscala Filtr\u00edn Cuezzo inici\u00f3 una investigaci\u00f3n a trav\u00e9s de la cual se pudo identificar al agresor, que ser\u00eda un hombre de m\u00e1s de 60 a\u00f1os, internado en el hogar.<\/p>\n\n\n\n<p>Las pericias m\u00e9dicas efectuadas a la mujer no permitieron corroborar el abuso por el tiempo transcurrido, por lo que fue fundamental el testimonio de testigos de los hechos.<\/p>\n\n\n\n<p>Como medida de protecci\u00f3n a la v\u00edctima, que tiene 87 a\u00f1os y padece Alzeheimer, la jueza de Primera Instancia de Violencia Familiar y de G\u00e9nero de Or\u00e1n, Adriana Maidana Vega, orden\u00f3 que el hombre fuera trasladado al hospital de Or\u00e1n, con consigna policial, en donde se le practicar\u00e1n pericias psiqui\u00e1tricas.<\/p>\n\n\n\n<p>El Hogar San Vicente de Paul de Or\u00e1n es administrado por el Gobierno de la Provincia de Salta y, si bien en un primer momento fue habilitado para hombres, la alta demanda de camas llev\u00f3 a que en el lugar tambi\u00e9n fueran institucionalizadas mujeres.<\/p>\n\n\n\n<p>Como parte de la investigaci\u00f3n, la fiscala Penal de Violencia Familiar y de G\u00e9nero, solicit\u00f3 que personal de Criminal\u00edstica realice croquis ilustrativo, fotograf\u00edas e inspecci\u00f3n ocular; se realicen informes ambientales, psicol\u00f3gicos, se tomen declaraciones y se secuestre documentaci\u00f3n del hogar.<\/p>\n","protected":false},"excerpt":{"rendered":"<p>La fiscala Penal de Violencia Familiar y de G\u00e9nero de Or\u00e1n, Mar\u00eda Soledad Filtr\u00edn Cuezzo, lleva adelante la investigaci\u00f3n. Un hombre de 60 a\u00f1os, alojado en el hogar de ancianos San Vicente de Paul, ser\u00eda el agresor. La fiscala Penal de Violencia Familiar y de G\u00e9nero de Or\u00e1n, Mar\u00eda Soledad Filtr\u00edn Cuezzo, investiga una denuncia [&hellip;]<\/p>\n","protected":false},"author":2,"featured_media":25880,"comment_status":"open","ping_status":"open","sticky":false,"template":"","format":"standard","meta":{"tdm_status":"","tdm_grid_status":"","_joinchat":[],"footnotes":""},"categories":[73],"tags":[],"class_list":{"0":"post-25879","1":"post","2":"type-post","3":"status-publish","4":"format-standard","5":"has-post-thumbnail","7":"category-noticias-general"},"amp_enabled":true,"_links":{"self":[{"href":"https:\/\/www.todoeldia.com\/index.php\/wp-json\/wp\/v2\/posts\/25879","targetHints":{"allow":["GET"]}}],"collection":[{"href":"https:\/\/www.todoeldia.com\/index.php\/wp-json\/wp\/v2\/posts"}],"about":[{"href":"https:\/\/www.todoeldia.com\/index.php\/wp-json\/wp\/v2\/types\/post"}],"author":[{"embeddable":true,"href":"https:\/\/www.todoeldia.com\/index.php\/wp-json\/wp\/v2\/users\/2"}],"replies":[{"embeddable":true,"href":"https:\/\/www.todoeldia.com\/index.php\/wp-json\/wp\/v2\/comments?post=25879"}],"version-history":[{"count":1,"href":"https:\/\/www.todoeldia.com\/index.php\/wp-json\/wp\/v2\/posts\/25879\/revisions"}],"predecessor-version":[{"id":25881,"href":"https:\/\/www.todoeldia.com\/index.php\/wp-json\/wp\/v2\/posts\/25879\/revisions\/25881"}],"wp:featuredmedia":[{"embeddable":true,"href":"https:\/\/www.todoeldia.com\/index.php\/wp-json\/wp\/v2\/media\/25880"}],"wp:attachment":[{"href":"https:\/\/www.todoeldia.com\/index.php\/wp-json\/wp\/v2\/media?parent=25879"}],"wp:term":[{"taxonomy":"category","embeddable":true,"href":"https:\/\/www.todoeldia.com\/index.php\/wp-json\/wp\/v2\/categories?post=25879"},{"taxonomy":"post_tag","embeddable":true,"href":"https:\/\/www.todoeldia.com\/index.php\/wp-json\/wp\/v2\/tags?post=25879"}],"curies":[{"name":"wp","href":"https:\/\/api.w.org\/{rel}","templated":true}]}}