{"id":26186,"date":"2021-08-07T18:22:01","date_gmt":"2021-08-07T21:22:01","guid":{"rendered":"https:\/\/www.todoeldia.com\/?p=26186"},"modified":"2021-08-07T18:22:03","modified_gmt":"2021-08-07T21:22:03","slug":"no-habra-peregrinaciones-ni-procesion-para-el-milagro","status":"publish","type":"post","link":"https:\/\/www.todoeldia.com\/index.php\/2021\/08\/07\/no-habra-peregrinaciones-ni-procesion-para-el-milagro\/","title":{"rendered":"No habr\u00e1 peregrinaciones ni procesi\u00f3n para el Milagro"},"content":{"rendered":"\n<p>La Catedral anunci\u00f3 que no organizar\u00e1 la recepci\u00f3n de peregrinos por lo que tambi\u00e9n qued\u00f3 descartada la realizaci\u00f3n de la tradicional procesi\u00f3n del Milagro.<\/p>\n\n\n\n<p>\u201cCon dolor, pesar y prudencia comunicamos que este a\u00f1o 2021 la Catedral no organizar\u00e1 la recepci\u00f3n de peregrinaciones, evento que el a\u00f1o pasado tambi\u00e9n hab\u00edamos tenido que suspender&#8221;, sostiene el documento firmado por el presb\u00edtero Daniel Ochoa, vicario cooperador y el presb\u00edtero Javier Romero, vicario episcopal del Santuario del Se\u00f1or y la Virgen del Milagro<\/p>\n\n\n\n<p>Agregan que \u201cconservan la esperanza de que, habiendo menguado la pandemia, el a\u00f1o que viene ser\u00e1 distinto. Como Santuario estamos comprometidos y nos sentimos responsables para con la salud de la ciudadan\u00eda y esto nos lleva a tomar decisiones no muy felices, pero tenemos la certeza de que todos los fieles devotos del Se\u00f1or y la Virgen del Milagro comprender\u00e1n este mensaje&#8221;, finaliza el comunicado.<\/p>\n","protected":false},"excerpt":{"rendered":"<p>La Catedral anunci\u00f3 que no organizar\u00e1 la recepci\u00f3n de peregrinos por lo que tambi\u00e9n qued\u00f3 descartada la realizaci\u00f3n de la tradicional procesi\u00f3n del Milagro. \u201cCon dolor, pesar y prudencia comunicamos que este a\u00f1o 2021 la Catedral no organizar\u00e1 la recepci\u00f3n de peregrinaciones, evento que el a\u00f1o pasado tambi\u00e9n hab\u00edamos tenido que suspender&#8221;, sostiene el documento [&hellip;]<\/p>\n","protected":false},"author":2,"featured_media":26187,"comment_status":"open","ping_status":"open","sticky":false,"template":"","format":"standard","meta":{"tdm_status":"","tdm_grid_status":"","_joinchat":[],"footnotes":""},"categories":[73],"tags":[],"class_list":{"0":"post-26186","1":"post","2":"type-post","3":"status-publish","4":"format-standard","5":"has-post-thumbnail","7":"category-noticias-general"},"amp_enabled":true,"_links":{"self":[{"href":"https:\/\/www.todoeldia.com\/index.php\/wp-json\/wp\/v2\/posts\/26186","targetHints":{"allow":["GET"]}}],"collection":[{"href":"https:\/\/www.todoeldia.com\/index.php\/wp-json\/wp\/v2\/posts"}],"about":[{"href":"https:\/\/www.todoeldia.com\/index.php\/wp-json\/wp\/v2\/types\/post"}],"author":[{"embeddable":true,"href":"https:\/\/www.todoeldia.com\/index.php\/wp-json\/wp\/v2\/users\/2"}],"replies":[{"embeddable":true,"href":"https:\/\/www.todoeldia.com\/index.php\/wp-json\/wp\/v2\/comments?post=26186"}],"version-history":[{"count":1,"href":"https:\/\/www.todoeldia.com\/index.php\/wp-json\/wp\/v2\/posts\/26186\/revisions"}],"predecessor-version":[{"id":26188,"href":"https:\/\/www.todoeldia.com\/index.php\/wp-json\/wp\/v2\/posts\/26186\/revisions\/26188"}],"wp:featuredmedia":[{"embeddable":true,"href":"https:\/\/www.todoeldia.com\/index.php\/wp-json\/wp\/v2\/media\/26187"}],"wp:attachment":[{"href":"https:\/\/www.todoeldia.com\/index.php\/wp-json\/wp\/v2\/media?parent=26186"}],"wp:term":[{"taxonomy":"category","embeddable":true,"href":"https:\/\/www.todoeldia.com\/index.php\/wp-json\/wp\/v2\/categories?post=26186"},{"taxonomy":"post_tag","embeddable":true,"href":"https:\/\/www.todoeldia.com\/index.php\/wp-json\/wp\/v2\/tags?post=26186"}],"curies":[{"name":"wp","href":"https:\/\/api.w.org\/{rel}","templated":true}]}}