{"id":26249,"date":"2021-08-09T20:00:46","date_gmt":"2021-08-09T23:00:46","guid":{"rendered":"https:\/\/www.todoeldia.com\/?p=26249"},"modified":"2021-08-09T20:00:48","modified_gmt":"2021-08-09T23:00:48","slug":"ya-son-4-los-detenidos-por-el-homicidio-del-joven-en-oran","status":"publish","type":"post","link":"https:\/\/www.todoeldia.com\/index.php\/2021\/08\/09\/ya-son-4-los-detenidos-por-el-homicidio-del-joven-en-oran\/","title":{"rendered":"Ya son 4 los detenidos por el homicidio del joven en Or\u00e1n"},"content":{"rendered":"\n<p>El hecho ocurri\u00f3 durante la madrugada de este domingo. Son dos hombres y dos mujeres, una de ellas menor de edad, los detenidos y fueron imputados este lunes por homicidio calificado. La v\u00edctima, de 28 a\u00f1os, recibi\u00f3 heridas de arma blanca y falleci\u00f3 antes de poder ser asistido.<\/p>\n\n\n\n<p>La fiscala penal Mariana Torres, interina en la Fiscal\u00eda Penal de la Unidad de Graves Atentados contra las Personas de Or\u00e1n, investiga el homicidio de un hombre de 28 a\u00f1os, ocurrido en un barrio de esa ciudad, durante la madrugada de este domingo.<\/p>\n\n\n\n<p>Por razones que se trata de establecer, la v\u00edctima fue lesionada con un arma blanca y falleci\u00f3 antes de poder ser asistida. Su cuerpo fue trasladado al Servicio de Tanatolog\u00eda Forense del CIF, donde cumplidos los protocolos sanitarios vigentes, se le realiz\u00f3 la autopsia.<\/p>\n\n\n\n<p>Por el hecho, se encuentran detenidos dos hombres y dos mujeres, una de ellas menor de edad.<\/p>\n\n\n\n<p>La fiscala dispuso el cumplimiento de diversas medidas tendientes al esclarecimiento del hecho.<\/p>\n","protected":false},"excerpt":{"rendered":"<p>El hecho ocurri\u00f3 durante la madrugada de este domingo. Son dos hombres y dos mujeres, una de ellas menor de edad, los detenidos y fueron imputados este lunes por homicidio calificado. La v\u00edctima, de 28 a\u00f1os, recibi\u00f3 heridas de arma blanca y falleci\u00f3 antes de poder ser asistido. La fiscala penal Mariana Torres, interina en [&hellip;]<\/p>\n","protected":false},"author":2,"featured_media":26251,"comment_status":"open","ping_status":"open","sticky":false,"template":"","format":"standard","meta":{"tdm_status":"","tdm_grid_status":"","_joinchat":[],"footnotes":""},"categories":[73],"tags":[],"class_list":{"0":"post-26249","1":"post","2":"type-post","3":"status-publish","4":"format-standard","5":"has-post-thumbnail","7":"category-noticias-general"},"amp_enabled":true,"_links":{"self":[{"href":"https:\/\/www.todoeldia.com\/index.php\/wp-json\/wp\/v2\/posts\/26249","targetHints":{"allow":["GET"]}}],"collection":[{"href":"https:\/\/www.todoeldia.com\/index.php\/wp-json\/wp\/v2\/posts"}],"about":[{"href":"https:\/\/www.todoeldia.com\/index.php\/wp-json\/wp\/v2\/types\/post"}],"author":[{"embeddable":true,"href":"https:\/\/www.todoeldia.com\/index.php\/wp-json\/wp\/v2\/users\/2"}],"replies":[{"embeddable":true,"href":"https:\/\/www.todoeldia.com\/index.php\/wp-json\/wp\/v2\/comments?post=26249"}],"version-history":[{"count":1,"href":"https:\/\/www.todoeldia.com\/index.php\/wp-json\/wp\/v2\/posts\/26249\/revisions"}],"predecessor-version":[{"id":26252,"href":"https:\/\/www.todoeldia.com\/index.php\/wp-json\/wp\/v2\/posts\/26249\/revisions\/26252"}],"wp:featuredmedia":[{"embeddable":true,"href":"https:\/\/www.todoeldia.com\/index.php\/wp-json\/wp\/v2\/media\/26251"}],"wp:attachment":[{"href":"https:\/\/www.todoeldia.com\/index.php\/wp-json\/wp\/v2\/media?parent=26249"}],"wp:term":[{"taxonomy":"category","embeddable":true,"href":"https:\/\/www.todoeldia.com\/index.php\/wp-json\/wp\/v2\/categories?post=26249"},{"taxonomy":"post_tag","embeddable":true,"href":"https:\/\/www.todoeldia.com\/index.php\/wp-json\/wp\/v2\/tags?post=26249"}],"curies":[{"name":"wp","href":"https:\/\/api.w.org\/{rel}","templated":true}]}}