{"id":26253,"date":"2021-08-09T20:08:06","date_gmt":"2021-08-09T23:08:06","guid":{"rendered":"https:\/\/www.todoeldia.com\/?p=26253"},"modified":"2021-08-09T20:08:08","modified_gmt":"2021-08-09T23:08:08","slug":"salta-5-anos-de-prision-al-camionero-boliviano-que-llevaba-60-kilos-de-cocaina","status":"publish","type":"post","link":"https:\/\/www.todoeldia.com\/index.php\/2021\/08\/09\/salta-5-anos-de-prision-al-camionero-boliviano-que-llevaba-60-kilos-de-cocaina\/","title":{"rendered":"Salta: 5 a\u00f1os de prisi\u00f3n al camionero boliviano que llevaba 60 kilos de coca\u00edna"},"content":{"rendered":"\n<p>La sentencia, impulsada por el \u00c1rea de Flagrancia de la Unidad Fiscal Salta, se dict\u00f3 a un mes de su detenci\u00f3n en un puesto de control del sur de la provincia, en el l\u00edmite con Tucum\u00e1n. El cami\u00f3n proced\u00eda de Boliv\u00eda y se dirig\u00eda a Neuqu\u00e9n.<\/p>\n\n\n\n<p>Un hombre de 41 a\u00f1os, conductor de una empresa de transporte, fue condenado el 5 de agosto pasado por el Juzgado Federal de Garant\u00edas N\u00b0 1 a una pena de 5 a\u00f1os y 2 meses de prisi\u00f3n por el delito de transporte de estupefacientes.<\/p>\n\n\n\n<p>La sentencia, instada por el fiscal general Francisco Snopek del \u00c1rea de Flagrancia de la Unidad Fiscal Salta, fue dictada por la jueza federal subrogante Mariela Gim\u00e9nez en el marco de un juico abreviado presentado por la fiscal\u00eda.<\/p>\n\n\n\n<p>En la audiencia, el fiscal explic\u00f3 que el s\u00e1bado 3 de julio pasado durante la madrugada, el ahora condenado, Fidel Daniel C\u00e9spedes, fue detenido por personal de la Gendarmer\u00eda Nacional en el puesto de control de El Naranjo, ubicado sobre ruta 34 en Rosario de la Frontera, en el l\u00edmite con Tucum\u00e1n.<\/p>\n\n\n\n<p>Snopek indic\u00f3 que, al revisar una carga de 1.500 kilos de sulfato de bario natural transportada en un cami\u00f3n con semirremolque procedente de Bolivia y con destino a Neuqu\u00e9n, los gendarmes advirtieron la presencia de una bolsa de arpillera y sospecharon de la presencia de sustancias ilegales.<\/p>\n\n\n\n<p>Por ello, y con el control judicial correspondiente, realizaron una requisa m\u00e1s profunda, rese\u00f1\u00f3 el fiscal. As\u00ed fue como, a trav\u00e9s de la tarea de un can antinarc\u00f3ticos de esa fuerza, confirmaron la existencia de m\u00e1s de 60 kilos de coca\u00edna, lo que deriv\u00f3 en la detenci\u00f3n del conductor.<\/p>\n\n\n\n<p>Horas despu\u00e9s, el fiscal llev\u00f3 adelante la imputaci\u00f3n penal del caso en la audiencia de formalizaci\u00f3n de la investigaci\u00f3n penal. Tambi\u00e9n logr\u00f3 la prisi\u00f3n preventiva del acusado por transporte de estupefacientes.<\/p>\n\n\n\n<p>Posteriormente, y seg\u00fan lo expuesto, el \u00c1rea de Flagrancia llev\u00f3 adelante las diligencias complementarias del caso, que confirmaron la responsabilidad penal de C\u00e9spedes en el hecho y llevaron a la fiscal\u00eda a ratificar la acusaci\u00f3n.<\/p>\n\n\n\n<p>Pruebas<\/p>\n\n\n\n<p>Entre las pruebas, el fiscal resalt\u00f3 un informe geo satelital del rodado, provisto por la misma empresa de transporte. En el reporte se estableci\u00f3 que el camionero se detuvo en tres lugares de manera sospechosa, por lo que se pudo determinar que en una de esas paradas fue cargada la droga.<\/p>\n\n\n\n<p>En vista de estos elementos, Snopek resalt\u00f3 la gravedad del hecho por el da\u00f1o a la salud p\u00fablica que podr\u00edan haber causado las m\u00e1s 450.273 mil dosis deducidas de la carga de coca\u00edna incautada, cuya pureza oscilaba entre el 73 y 83 por ciento.<\/p>\n\n\n\n<p>De esta manera, la fiscal\u00eda dio por acreditada la materialidad del hecho y estim\u00f3 la pena en expectativa para el acusado. Posteriormente, se arrib\u00f3 a un acuerdo pleno con la defensa y se present\u00f3 ante la jueza federal una propuesta de resoluci\u00f3n del conflicto.<\/p>\n\n\n\n<p>La propuesta consisti\u00f3 en la aplicaci\u00f3n de sentencia mediante un juicio abreviado. En esta instancia la defensa y el acusado consintieron la responsabilidad penal en el hecho y la condena de 5 a\u00f1os y 2 meses de prisi\u00f3n pretendida por la fiscal\u00eda, lo cual fue formalizado por la magistrada.<\/p>\n","protected":false},"excerpt":{"rendered":"<p>La sentencia, impulsada por el \u00c1rea de Flagrancia de la Unidad Fiscal Salta, se dict\u00f3 a un mes de su detenci\u00f3n en un puesto de control del sur de la provincia, en el l\u00edmite con Tucum\u00e1n. El cami\u00f3n proced\u00eda de Boliv\u00eda y se dirig\u00eda a Neuqu\u00e9n. Un hombre de 41 a\u00f1os, conductor de una empresa [&hellip;]<\/p>\n","protected":false},"author":2,"featured_media":26254,"comment_status":"open","ping_status":"open","sticky":false,"template":"","format":"standard","meta":{"tdm_status":"","tdm_grid_status":"","_joinchat":[],"footnotes":""},"categories":[73],"tags":[],"class_list":{"0":"post-26253","1":"post","2":"type-post","3":"status-publish","4":"format-standard","5":"has-post-thumbnail","7":"category-noticias-general"},"amp_enabled":true,"_links":{"self":[{"href":"https:\/\/www.todoeldia.com\/index.php\/wp-json\/wp\/v2\/posts\/26253","targetHints":{"allow":["GET"]}}],"collection":[{"href":"https:\/\/www.todoeldia.com\/index.php\/wp-json\/wp\/v2\/posts"}],"about":[{"href":"https:\/\/www.todoeldia.com\/index.php\/wp-json\/wp\/v2\/types\/post"}],"author":[{"embeddable":true,"href":"https:\/\/www.todoeldia.com\/index.php\/wp-json\/wp\/v2\/users\/2"}],"replies":[{"embeddable":true,"href":"https:\/\/www.todoeldia.com\/index.php\/wp-json\/wp\/v2\/comments?post=26253"}],"version-history":[{"count":1,"href":"https:\/\/www.todoeldia.com\/index.php\/wp-json\/wp\/v2\/posts\/26253\/revisions"}],"predecessor-version":[{"id":26255,"href":"https:\/\/www.todoeldia.com\/index.php\/wp-json\/wp\/v2\/posts\/26253\/revisions\/26255"}],"wp:featuredmedia":[{"embeddable":true,"href":"https:\/\/www.todoeldia.com\/index.php\/wp-json\/wp\/v2\/media\/26254"}],"wp:attachment":[{"href":"https:\/\/www.todoeldia.com\/index.php\/wp-json\/wp\/v2\/media?parent=26253"}],"wp:term":[{"taxonomy":"category","embeddable":true,"href":"https:\/\/www.todoeldia.com\/index.php\/wp-json\/wp\/v2\/categories?post=26253"},{"taxonomy":"post_tag","embeddable":true,"href":"https:\/\/www.todoeldia.com\/index.php\/wp-json\/wp\/v2\/tags?post=26253"}],"curies":[{"name":"wp","href":"https:\/\/api.w.org\/{rel}","templated":true}]}}