{"id":26702,"date":"2021-08-24T15:36:22","date_gmt":"2021-08-24T18:36:22","guid":{"rendered":"https:\/\/www.todoeldia.com\/?p=26702"},"modified":"2021-08-24T15:36:23","modified_gmt":"2021-08-24T18:36:23","slug":"una-casa-decomisada-en-el-bajo-funcionara-como-el-primer-espacio-de-asistencia-a-mujeres-victimas-de-trata","status":"publish","type":"post","link":"https:\/\/www.todoeldia.com\/index.php\/2021\/08\/24\/una-casa-decomisada-en-el-bajo-funcionara-como-el-primer-espacio-de-asistencia-a-mujeres-victimas-de-trata\/","title":{"rendered":"Una casa decomisada en \u201cel bajo\u201d funcionar\u00e1 como el \u201cPrimer Espacio de Asistencia a Mujeres V\u00edctimas de Trata\u201d"},"content":{"rendered":"\n<p>El inmueble ocupa una esquina en la capital provincial y fue puesto en valor como centro de asistencia para personas vulnerables. El decomiso fue logrado en el marco de una investigaci\u00f3n del delito de trata de personas con fines de explotaci\u00f3n sexual. En el proceso se lleg\u00f3 a la captura y condena de las personas responsables.<\/p>\n\n\n\n<p>Una vivienda que hab\u00eda sido decomisada en el marco de una investigaci\u00f3n por el delito de trata de personas con fines de explotaci\u00f3n sexual -caso llevado adelante por el fiscal general Eduardo Jos\u00e9 Villalba- fue inaugurada el mi\u00e9rcoles pasado como sede del \u201cPrimer Espacio de Asistencia a Mujeres V\u00edctimas de Trata\u201d en Salta capital.<\/p>\n\n\n\n<p>La reconversi\u00f3n del inmueble se hizo en el marco de un convenio firmado por el Ministerio de Desarrollo Social de Salta con la Secretar\u00eda de Derechos Humanos, la Jefatura de la Polic\u00eda de Salta y la Fundaci\u00f3n Volviendo a Casa.<\/p>\n\n\n\n<p>El inmueble fue acondicionado con la infraestructura necesaria para su nuevo rol, el cual est\u00e1 centrado ahora en asistir a mujeres en situaci\u00f3n de vulnerabilidad, ya sea por sus escasos recursos econ\u00f3micos o por su adicci\u00f3n a las drogas.<\/p>\n\n\n\n<p>La vivienda est\u00e1 ubicada en la calle Astigueta al 600 en el \u201cBajo\u201d, un sector entre Villa San Antonio y Barrio Ceferino, a unos diez minutos del centro de la ciudad de Salta.<\/p>\n\n\n\n<p>\u201cEl caso es un contundente ejemplo de los beneficios del sistema acusatorio, pues desde la formalizaci\u00f3n del caso a la condena pas\u00f3 un mes&#8221;, valor\u00f3 Villalba.<\/p>\n\n\n\n<p>Una pareja, due\u00f1a del inmueble, y otras tres personas c\u00f3mplices eran quienes explotaban el entonces prost\u00edbulo, en el cual las mujeres, algunas de ellas menores de edad, deb\u00edan pagar sumas superiores a 500 pesos por d\u00eda para cumplir con una cuota semanal que rondaba los 6 mil pesos. Esa situaci\u00f3n ocurr\u00eda en un contexto de violencia y sometimiento.<\/p>\n\n\n\n<p>A fines de octubre de 2019, sin embargo, una investigaci\u00f3n dirigida por el fiscal Villalba permiti\u00f3 reunir suficientes elementos de prueba respecto a lo que suced\u00eda en el inmueble y desbaratar la organizaci\u00f3n: el 29 de noviembre de ese a\u00f1o, mediante diversos procedimientos, fueron rescatadas entre 15 y 18 mujeres adultas y una adolescente de 16 a\u00f1os.<\/p>\n\n\n\n<p>Ambos extremos<\/p>\n\n\n\n<p>El 3 de diciembre de 2019, ante el juez federal de Garant\u00edas N\u00b01 Julio Bavio se imput\u00f3 a tres mujeres por el delito de trata de personas con fines de explotaci\u00f3n sexual. \u201cLa intenci\u00f3n de esta fiscal\u00eda es llegar a ambos extremos de la cadena de este delito\u201d, hab\u00eda sostenido el fiscal Villalba en la primera audiencia. Pocos d\u00edas despu\u00e9s fue detenida e imputada la pareja due\u00f1a del inmueble.<\/p>\n\n\n\n<p>El 13 de enero de 2020, en tanto y ante el ex juez federal de Garant\u00edas N\u00b02 Miguel Antonio Medina, el fiscal Villalba present\u00f3 un acuerdo pleno obtenido con la defensa de los principales acusados, en el marco de un proceso de juicio abreviado que, tras ser homologado por el magistrado, marc\u00f3 jurisprudencia in\u00e9dita en Salta en la materia.<\/p>\n\n\n\n<p>Adem\u00e1s de la condena de la pareja a penas de 3 a\u00f1os de prisi\u00f3n de ejecuci\u00f3n condicional y 4 a\u00f1os y 6 meses prisi\u00f3n, el pago de una suma de 70 mil pesos destinado al Fondo de Asistencias a las V\u00edctimas, tal como lo establece la ley, la fiscal\u00eda pidi\u00f3 y logr\u00f3 el decomiso de la vivienda tal como lo establecen el art\u00edculo 23 del C\u00f3digo Penal (seg\u00fan ley 26.842) y el art\u00edculo 310 del C\u00f3digo Procesal Penal Federal (CPPF), y la Resoluci\u00f3n PGN N\u00b0 99\/09.<\/p>\n","protected":false},"excerpt":{"rendered":"<p>El inmueble ocupa una esquina en la capital provincial y fue puesto en valor como centro de asistencia para personas vulnerables. El decomiso fue logrado en el marco de una investigaci\u00f3n del delito de trata de personas con fines de explotaci\u00f3n sexual. En el proceso se lleg\u00f3 a la captura y condena de las personas [&hellip;]<\/p>\n","protected":false},"author":2,"featured_media":26703,"comment_status":"open","ping_status":"open","sticky":false,"template":"","format":"standard","meta":{"tdm_status":"","tdm_grid_status":"","_joinchat":[],"footnotes":""},"categories":[73],"tags":[],"class_list":{"0":"post-26702","1":"post","2":"type-post","3":"status-publish","4":"format-standard","5":"has-post-thumbnail","7":"category-noticias-general"},"amp_enabled":true,"_links":{"self":[{"href":"https:\/\/www.todoeldia.com\/index.php\/wp-json\/wp\/v2\/posts\/26702","targetHints":{"allow":["GET"]}}],"collection":[{"href":"https:\/\/www.todoeldia.com\/index.php\/wp-json\/wp\/v2\/posts"}],"about":[{"href":"https:\/\/www.todoeldia.com\/index.php\/wp-json\/wp\/v2\/types\/post"}],"author":[{"embeddable":true,"href":"https:\/\/www.todoeldia.com\/index.php\/wp-json\/wp\/v2\/users\/2"}],"replies":[{"embeddable":true,"href":"https:\/\/www.todoeldia.com\/index.php\/wp-json\/wp\/v2\/comments?post=26702"}],"version-history":[{"count":1,"href":"https:\/\/www.todoeldia.com\/index.php\/wp-json\/wp\/v2\/posts\/26702\/revisions"}],"predecessor-version":[{"id":26704,"href":"https:\/\/www.todoeldia.com\/index.php\/wp-json\/wp\/v2\/posts\/26702\/revisions\/26704"}],"wp:featuredmedia":[{"embeddable":true,"href":"https:\/\/www.todoeldia.com\/index.php\/wp-json\/wp\/v2\/media\/26703"}],"wp:attachment":[{"href":"https:\/\/www.todoeldia.com\/index.php\/wp-json\/wp\/v2\/media?parent=26702"}],"wp:term":[{"taxonomy":"category","embeddable":true,"href":"https:\/\/www.todoeldia.com\/index.php\/wp-json\/wp\/v2\/categories?post=26702"},{"taxonomy":"post_tag","embeddable":true,"href":"https:\/\/www.todoeldia.com\/index.php\/wp-json\/wp\/v2\/tags?post=26702"}],"curies":[{"name":"wp","href":"https:\/\/api.w.org\/{rel}","templated":true}]}}