{"id":26706,"date":"2021-08-24T22:40:50","date_gmt":"2021-08-25T01:40:50","guid":{"rendered":"https:\/\/www.todoeldia.com\/?p=26706"},"modified":"2021-08-24T22:40:52","modified_gmt":"2021-08-25T01:40:52","slug":"mirtha-legrand-vuelve-este-sabado-a-la-television","status":"publish","type":"post","link":"https:\/\/www.todoeldia.com\/index.php\/2021\/08\/24\/mirtha-legrand-vuelve-este-sabado-a-la-television\/","title":{"rendered":"Mirtha Legrand vuelve este s\u00e1bado a la televisi\u00f3n"},"content":{"rendered":"\n<p>Luego de infinidad de rumores la diva confirm\u00f3 que regresa a su ciclo en El Trece<\/p>\n\n\n\n<p>\u201cMi adorada nieta Juana (Viale) me reemplaz\u00f3, ahora por su cuarentena yo la reemplazo a ella. Una noche especial, donde nos volvemos a encontrar. \u00a1Los espero!\u201d. Con ese mensaje, escueto pero preciso y hasta con cierta emotividad, Mirtha Legrand confirm\u00f3 que volver\u00e1 a estar al frente de su ciclo en El Trece. Ser\u00e1 este s\u00e1bado 28 de agosto, con La Noche de Mirtha Legrand.<\/p>\n\n\n\n<p>La cuarentena que deber\u00e1 cumplir Juana por su viaje a Europa termin\u00f3 propiciando un regreso que tuvo varias marchas y contramarchas, al menos desde las versiones period\u00edsticas. Porque desde la producci\u00f3n hab\u00edan descartado que Chiquita se pusiera al frente de sus mesaza el s\u00e1bado 4 de septiembre, para recibir a Mar\u00eda Eugenia Vidal. Se especul\u00f3, entonces, con que se dar\u00eda a fines del mes que viene e, incluso, principios de octubre. Pero hasta la propia Mirtha fue rotunda: \u201c\u00a1No hay fecha aun y no s\u00e9 de d\u00f3nde salieron los invitados! -le dijo a Teleshow sobre aquel rumor-. No habl\u00e9 con la producci\u00f3n. Tampoco (sobre) la fecha\u201d.<\/p>\n\n\n\n<p>\u201cPor el momento no voy a volver\u201d, hab\u00eda advertido Mirtha en reiteradas oportunidades durante el \u00faltimo tiempo. Y cuando ten\u00eda que ponerle una fecha a su regreso a la televisi\u00f3n, ella misma afirmaba que reci\u00e9n ser\u00eda en el comienzo de la primavera. \u201cHasta que no pase el fr\u00edo, no retomar\u00e9 mi trabajo\u201d, dec\u00eda, a prop\u00f3sito de sus recaudos. \u201cVoy a volver cuando me sienta segura\u201d, enfatiz\u00f3 luego.<\/p>\n\n\n\n<p>\u201cYo creo que mam\u00e1 est\u00e1 lista para volver. Est\u00e1 recontra cuidada. No quiero que se termine el ciclo de Mirtha Legrand por la pandemia, sino por decisi\u00f3n de ella. Es mi anhelo porque s\u00e9 que le va a dar una enorme felicidad\u201d, hab\u00eda dicho Marcela Tinayre, hija de la diva, cuando fue consultada al respecto durante una entrevista en Los \u00c1ngeles de la Ma\u00f1ana. Y agreg\u00f3: \u201cLes aseguro que de aqu\u00ed a fin de a\u00f1o, vuelve. Quiero que vuelva, todos quieren que vuelva&#8230; Juana, ni les digo: necesita que vuelva\u201d. Finalmente, sus pron\u00f3sticos se cumplieron.<\/p>\n\n\n\n<p>La Chiqui se alej\u00f3 de la pantalla chica por la pandemia del coronavirus, para preservar su salud, a pocos d\u00edas de que Alberto Fern\u00e1ndez decretara la primera cuarentena, en marzo de 2020. Desde entonces fue reemplazada por Juana Viale. En diciembre estuvo al frente de una emisi\u00f3n especial por fin de a\u00f1o en la que comparti\u00f3 la mesa con su hija, Marcela Tinayre, y su nieta. La diva se terminar\u00eda dando la primera dosis de la vacuna Sputnik V en marzo de 2021, y la segunda, en abril.<\/p>\n","protected":false},"excerpt":{"rendered":"<p>Luego de infinidad de rumores la diva confirm\u00f3 que regresa a su ciclo en El Trece \u201cMi adorada nieta Juana (Viale) me reemplaz\u00f3, ahora por su cuarentena yo la reemplazo a ella. Una noche especial, donde nos volvemos a encontrar. \u00a1Los espero!\u201d. Con ese mensaje, escueto pero preciso y hasta con cierta emotividad, Mirtha Legrand [&hellip;]<\/p>\n","protected":false},"author":2,"featured_media":26707,"comment_status":"open","ping_status":"open","sticky":false,"template":"","format":"standard","meta":{"tdm_status":"","tdm_grid_status":"","_joinchat":[],"footnotes":""},"categories":[120],"tags":[],"class_list":{"0":"post-26706","1":"post","2":"type-post","3":"status-publish","4":"format-standard","5":"has-post-thumbnail","7":"category-espectaculos-2"},"amp_enabled":true,"_links":{"self":[{"href":"https:\/\/www.todoeldia.com\/index.php\/wp-json\/wp\/v2\/posts\/26706","targetHints":{"allow":["GET"]}}],"collection":[{"href":"https:\/\/www.todoeldia.com\/index.php\/wp-json\/wp\/v2\/posts"}],"about":[{"href":"https:\/\/www.todoeldia.com\/index.php\/wp-json\/wp\/v2\/types\/post"}],"author":[{"embeddable":true,"href":"https:\/\/www.todoeldia.com\/index.php\/wp-json\/wp\/v2\/users\/2"}],"replies":[{"embeddable":true,"href":"https:\/\/www.todoeldia.com\/index.php\/wp-json\/wp\/v2\/comments?post=26706"}],"version-history":[{"count":1,"href":"https:\/\/www.todoeldia.com\/index.php\/wp-json\/wp\/v2\/posts\/26706\/revisions"}],"predecessor-version":[{"id":26708,"href":"https:\/\/www.todoeldia.com\/index.php\/wp-json\/wp\/v2\/posts\/26706\/revisions\/26708"}],"wp:featuredmedia":[{"embeddable":true,"href":"https:\/\/www.todoeldia.com\/index.php\/wp-json\/wp\/v2\/media\/26707"}],"wp:attachment":[{"href":"https:\/\/www.todoeldia.com\/index.php\/wp-json\/wp\/v2\/media?parent=26706"}],"wp:term":[{"taxonomy":"category","embeddable":true,"href":"https:\/\/www.todoeldia.com\/index.php\/wp-json\/wp\/v2\/categories?post=26706"},{"taxonomy":"post_tag","embeddable":true,"href":"https:\/\/www.todoeldia.com\/index.php\/wp-json\/wp\/v2\/tags?post=26706"}],"curies":[{"name":"wp","href":"https:\/\/api.w.org\/{rel}","templated":true}]}}