{"id":26803,"date":"2021-08-26T13:55:15","date_gmt":"2021-08-26T16:55:15","guid":{"rendered":"https:\/\/www.todoeldia.com\/?p=26803"},"modified":"2021-08-26T13:55:17","modified_gmt":"2021-08-26T16:55:17","slug":"en-el-paseo-salta-se-vacunara-contra-covid-19","status":"publish","type":"post","link":"https:\/\/www.todoeldia.com\/index.php\/2021\/08\/26\/en-el-paseo-salta-se-vacunara-contra-covid-19\/","title":{"rendered":"En el Paseo Salta se vacunar\u00e1 contra COVID-19"},"content":{"rendered":"\n<p>Desde ma\u00f1ana y hasta el s\u00e1bado 28, se administrar\u00e1n, a libre demanda, primeras y segundas dosis a mayores de 18 a\u00f1os, en la zona sur de la Capital. Tambi\u00e9n pueden completar esquema heter\u00f3logo con Moderna las personas vacunadas con primera dosis de Sputnik V.<\/p>\n\n\n\n<p>El Ministerio de Salud P\u00fablica, desde ma\u00f1ana y hasta el s\u00e1bado 28, instalar\u00e1 un puesto de vacunaci\u00f3n contra COVID-19 en la puerta de ingreso del Paseo Salta, ubicado en la zona sur de la Capital.<\/p>\n\n\n\n<p>El puesto funcionar\u00e1 en el horario de 10 a 20. All\u00ed, los vacunadores del hospital Papa Francisco, colocar\u00e1n primeras y segundas dosis a mayores de 18 a\u00f1os, a libre demanda.<\/p>\n\n\n\n<p>Adem\u00e1s, quienes hayan recibido la primera dosis de Sputnik V podr\u00e1n vacunarse con Moderna para completar el esquema de inmunizaci\u00f3n. Se recuerda que, quienes opten por esta estrategia de intercambiabilidad, debe transcurrir un per\u00edodo m\u00ednimo de 56 d\u00edas entre la primera dosis y la segunda.<\/p>\n\n\n\n<p>Tambi\u00e9n se iniciar\u00e1 esquema de vacunaci\u00f3n COVID-19 a adolescentes de entre 15 y 17 a\u00f1os con patolog\u00edas que constituyan factor de riesgo, quienes deben acreditar esa condici\u00f3n con certificado m\u00e9dico y presentar documento de identidad.<\/p>\n\n\n\n<p>Se considera que un adolescente presenta mayor riesgo cuando tiene enfermedades respiratorias o cardiovasculares cr\u00f3nicas, insuficiencia card\u00edaca, miocardiopat\u00edas, hipertensi\u00f3n pulmonar, enfermedad renal cr\u00f3nica, EPOC, fibrosis qu\u00edstica, asma, diabetes, discapacidad social o del desarrollo.<\/p>\n","protected":false},"excerpt":{"rendered":"<p>Desde ma\u00f1ana y hasta el s\u00e1bado 28, se administrar\u00e1n, a libre demanda, primeras y segundas dosis a mayores de 18 a\u00f1os, en la zona sur de la Capital. Tambi\u00e9n pueden completar esquema heter\u00f3logo con Moderna las personas vacunadas con primera dosis de Sputnik V. El Ministerio de Salud P\u00fablica, desde ma\u00f1ana y hasta el s\u00e1bado [&hellip;]<\/p>\n","protected":false},"author":2,"featured_media":26804,"comment_status":"open","ping_status":"open","sticky":false,"template":"","format":"standard","meta":{"tdm_status":"","tdm_grid_status":"","_joinchat":[],"footnotes":""},"categories":[65],"tags":[],"class_list":{"0":"post-26803","1":"post","2":"type-post","3":"status-publish","4":"format-standard","5":"has-post-thumbnail","7":"category-coronavirus"},"amp_enabled":true,"_links":{"self":[{"href":"https:\/\/www.todoeldia.com\/index.php\/wp-json\/wp\/v2\/posts\/26803","targetHints":{"allow":["GET"]}}],"collection":[{"href":"https:\/\/www.todoeldia.com\/index.php\/wp-json\/wp\/v2\/posts"}],"about":[{"href":"https:\/\/www.todoeldia.com\/index.php\/wp-json\/wp\/v2\/types\/post"}],"author":[{"embeddable":true,"href":"https:\/\/www.todoeldia.com\/index.php\/wp-json\/wp\/v2\/users\/2"}],"replies":[{"embeddable":true,"href":"https:\/\/www.todoeldia.com\/index.php\/wp-json\/wp\/v2\/comments?post=26803"}],"version-history":[{"count":1,"href":"https:\/\/www.todoeldia.com\/index.php\/wp-json\/wp\/v2\/posts\/26803\/revisions"}],"predecessor-version":[{"id":26805,"href":"https:\/\/www.todoeldia.com\/index.php\/wp-json\/wp\/v2\/posts\/26803\/revisions\/26805"}],"wp:featuredmedia":[{"embeddable":true,"href":"https:\/\/www.todoeldia.com\/index.php\/wp-json\/wp\/v2\/media\/26804"}],"wp:attachment":[{"href":"https:\/\/www.todoeldia.com\/index.php\/wp-json\/wp\/v2\/media?parent=26803"}],"wp:term":[{"taxonomy":"category","embeddable":true,"href":"https:\/\/www.todoeldia.com\/index.php\/wp-json\/wp\/v2\/categories?post=26803"},{"taxonomy":"post_tag","embeddable":true,"href":"https:\/\/www.todoeldia.com\/index.php\/wp-json\/wp\/v2\/tags?post=26803"}],"curies":[{"name":"wp","href":"https:\/\/api.w.org\/{rel}","templated":true}]}}