{"id":26816,"date":"2021-08-26T15:15:53","date_gmt":"2021-08-26T18:15:53","guid":{"rendered":"https:\/\/www.todoeldia.com\/?p=26816"},"modified":"2021-08-26T15:15:54","modified_gmt":"2021-08-26T18:15:54","slug":"la-mate-porque-me-dijo-que-estaba-embarazada-la-cruda-confesion-del-chico-que-asesino-a-lucia","status":"publish","type":"post","link":"https:\/\/www.todoeldia.com\/index.php\/2021\/08\/26\/la-mate-porque-me-dijo-que-estaba-embarazada-la-cruda-confesion-del-chico-que-asesino-a-lucia\/","title":{"rendered":"&#8220;La mat\u00e9 porque me dijo que estaba embarazada&#8221;: la cruda confesi\u00f3n del chico que asesin\u00f3 a Luc\u00eda"},"content":{"rendered":"\n<p>El femicidio se descubri\u00f3 el martes y el atacante, menor de edad, fue detenido el mi\u00e9rcoles.<\/p>\n\n\n\n<p>Este mi\u00e9rcoles los investigadores detuvieron al principal sospechoso de haber asesinado a Luc\u00eda In\u00e9s Fern\u00e1ndez, una menor de 15 a\u00f1os que fue encontrada sin vida en Rodeo del Medio, Mendoza. El hecho se conoci\u00f3 el martes, y gracias al aporte de testigos, la polic\u00eda lleg\u00f3 hasta la casa del femicida, un chico de 14 a\u00f1os, quien confes\u00f3 que mat\u00f3 a la v\u00edctima porque le dijo que estaba embarazada.<\/p>\n\n\n\n<p>Los chicos eran compa\u00f1eros de colegio, iban a la Escuela 4-188 Padre Eduardo I\u00e1cono, ubicada en la ruta 60 de Fray Luis Beltr\u00e1n, y el menor confes\u00f3 cuando los oficiales llegaron hasta la casa que comparte con su madre.<\/p>\n\n\n\n<p>Hasta \u00e9l se lleg\u00f3 porque varios vecinos dijeron que el menor viv\u00eda cerca de la chica fallecida, y que adem\u00e1s lo hab\u00edan visto junto a ella antes del crimen, cerca de la zona donde apareci\u00f3 el cuerpo. El cad\u00e1ver fue visto por un hombre que vio algo raro en el interior de una propiedad abandonada en calle Pueyrred\u00f3n al 4.413, y dio aviso al 911. Los peritos de Cient\u00edfica confirmaron la ni\u00f1a hab\u00eda sido golpeada con un ladrillo o piedra en la cara y que adem\u00e1s hab\u00eda sido apu\u00f1alada unas decena de veces en distintas partes del cuerpo.<\/p>\n\n\n\n<p>Aunque hasta ayer no se sab\u00eda qui\u00e9n pod\u00eda ser el responsable de semejante atrocidad, en las \u00faltimas horas aparecieron nuevos testimonios, y por eso la Polic\u00eda se dirigi\u00f3 hasta la vivienda del adolescente para entrevistarlo a \u00e9l y a su madre, hasta que finalmente el menor se termin\u00f3 quebrando, y confes\u00f3 que la hab\u00eda matado porque Luc\u00eda le dijo que estaba embarazada.<\/p>\n\n\n\n<p>Si bien se trata de una declaraci\u00f3n expresa ante el requerimiento de la polic\u00eda, no tiene validez en la causa, por lo que ahora deber\u00e1 hablar ante el fiscal. Adem\u00e1s de la palabra del adolescente, en el allanamiento se encontr\u00f3 material probatorio clave como unas zapatillas con rastros de sangre&nbsp; y un cuchillo tipo tramontina con mango azul.<\/p>\n\n\n\n<p>Al saber que hay un chico involucrado, el fiscal de Homicidios Carlos Torres dejar\u00e1 el caso en manos de la Fiscal\u00eda de Menores para que siga la investigaci\u00f3n del sospechoso que, por su edad es inimputable.<\/p>\n","protected":false},"excerpt":{"rendered":"<p>El femicidio se descubri\u00f3 el martes y el atacante, menor de edad, fue detenido el mi\u00e9rcoles. Este mi\u00e9rcoles los investigadores detuvieron al principal sospechoso de haber asesinado a Luc\u00eda In\u00e9s Fern\u00e1ndez, una menor de 15 a\u00f1os que fue encontrada sin vida en Rodeo del Medio, Mendoza. El hecho se conoci\u00f3 el martes, y gracias al [&hellip;]<\/p>\n","protected":false},"author":2,"featured_media":26817,"comment_status":"open","ping_status":"open","sticky":false,"template":"","format":"standard","meta":{"tdm_status":"","tdm_grid_status":"","_joinchat":[],"footnotes":""},"categories":[73],"tags":[],"class_list":{"0":"post-26816","1":"post","2":"type-post","3":"status-publish","4":"format-standard","5":"has-post-thumbnail","7":"category-noticias-general"},"amp_enabled":true,"_links":{"self":[{"href":"https:\/\/www.todoeldia.com\/index.php\/wp-json\/wp\/v2\/posts\/26816","targetHints":{"allow":["GET"]}}],"collection":[{"href":"https:\/\/www.todoeldia.com\/index.php\/wp-json\/wp\/v2\/posts"}],"about":[{"href":"https:\/\/www.todoeldia.com\/index.php\/wp-json\/wp\/v2\/types\/post"}],"author":[{"embeddable":true,"href":"https:\/\/www.todoeldia.com\/index.php\/wp-json\/wp\/v2\/users\/2"}],"replies":[{"embeddable":true,"href":"https:\/\/www.todoeldia.com\/index.php\/wp-json\/wp\/v2\/comments?post=26816"}],"version-history":[{"count":1,"href":"https:\/\/www.todoeldia.com\/index.php\/wp-json\/wp\/v2\/posts\/26816\/revisions"}],"predecessor-version":[{"id":26818,"href":"https:\/\/www.todoeldia.com\/index.php\/wp-json\/wp\/v2\/posts\/26816\/revisions\/26818"}],"wp:featuredmedia":[{"embeddable":true,"href":"https:\/\/www.todoeldia.com\/index.php\/wp-json\/wp\/v2\/media\/26817"}],"wp:attachment":[{"href":"https:\/\/www.todoeldia.com\/index.php\/wp-json\/wp\/v2\/media?parent=26816"}],"wp:term":[{"taxonomy":"category","embeddable":true,"href":"https:\/\/www.todoeldia.com\/index.php\/wp-json\/wp\/v2\/categories?post=26816"},{"taxonomy":"post_tag","embeddable":true,"href":"https:\/\/www.todoeldia.com\/index.php\/wp-json\/wp\/v2\/tags?post=26816"}],"curies":[{"name":"wp","href":"https:\/\/api.w.org\/{rel}","templated":true}]}}