{"id":27538,"date":"2021-09-13T19:49:55","date_gmt":"2021-09-13T22:49:55","guid":{"rendered":"https:\/\/www.todoeldia.com\/?p=27538"},"modified":"2021-09-14T09:29:34","modified_gmt":"2021-09-14T12:29:34","slug":"un-automovilista-fallecio-al-volcar-el-auto-que-conducia","status":"publish","type":"post","link":"https:\/\/www.todoeldia.com\/index.php\/2021\/09\/13\/un-automovilista-fallecio-al-volcar-el-auto-que-conducia\/","title":{"rendered":"Un automovilista falleci\u00f3 al volcar el auto que conduc\u00eda"},"content":{"rendered":"\n<p>El accidente ocurri\u00f3 cerca de las 15 sobre la ruta nacional N\u00b0 9, kil\u00f3metro N\u00b0 1409 en cercan\u00edas al paraje Arenales perteneciente al departamento Rosario de la Frontera. donde el conductor de un autom\u00f3vil falleci\u00f3 luego de haber pedido el control del rodado. Pasada En el lugar los efectivos constataron que se trataba de un Volkswagen Sur\u00e1n gris ocupado por un hombre de mayor de edad, quien conforme al diagn\u00f3stico m\u00e9dico se encontraba sin vida.<\/p>\n\n\n\n<figure class=\"wp-block-image is-resized\"><img loading=\"lazy\" decoding=\"async\" src=\"https:\/\/www.fiscalespenalesalta.gob.ar\/wp-content\/uploads\/2021\/09\/Siniestro-400x202.jpg\" alt=\"\" width=\"916\" height=\"490\"\/><\/figure>\n\n\n\n<p>En cuanto a las diligencias de documentaci\u00f3n y pericias accidentol\u00f3gicas fueron realizadas por el Grupo T\u00e9cnico Criminal\u00edstica, mientras que personal de la Divisi\u00f3n Seguridad Urbana estuvieron a cargo de la cobertura de seguridad en la escena del hecho.<\/p>\n\n\n\n<p>Las diligencias estuvieron bajo las directivas de la Fiscal\u00eda Penal N\u00b0 4 de Rosario de la Frontera.<\/p>\n","protected":false},"excerpt":{"rendered":"<p>El accidente ocurri\u00f3 cerca de las 15 sobre la ruta nacional N\u00b0 9, kil\u00f3metro N\u00b0 1409 en cercan\u00edas al paraje Arenales perteneciente al departamento Rosario de la Frontera. donde el conductor de un autom\u00f3vil falleci\u00f3 luego de haber pedido el control del rodado. Pasada En el lugar los efectivos constataron que se trataba de un [&hellip;]<\/p>\n","protected":false},"author":2,"featured_media":27539,"comment_status":"open","ping_status":"open","sticky":false,"template":"","format":"standard","meta":{"tdm_status":"","tdm_grid_status":"","_joinchat":[],"footnotes":""},"categories":[73],"tags":[],"class_list":{"0":"post-27538","1":"post","2":"type-post","3":"status-publish","4":"format-standard","5":"has-post-thumbnail","7":"category-noticias-general"},"amp_enabled":true,"_links":{"self":[{"href":"https:\/\/www.todoeldia.com\/index.php\/wp-json\/wp\/v2\/posts\/27538","targetHints":{"allow":["GET"]}}],"collection":[{"href":"https:\/\/www.todoeldia.com\/index.php\/wp-json\/wp\/v2\/posts"}],"about":[{"href":"https:\/\/www.todoeldia.com\/index.php\/wp-json\/wp\/v2\/types\/post"}],"author":[{"embeddable":true,"href":"https:\/\/www.todoeldia.com\/index.php\/wp-json\/wp\/v2\/users\/2"}],"replies":[{"embeddable":true,"href":"https:\/\/www.todoeldia.com\/index.php\/wp-json\/wp\/v2\/comments?post=27538"}],"version-history":[{"count":2,"href":"https:\/\/www.todoeldia.com\/index.php\/wp-json\/wp\/v2\/posts\/27538\/revisions"}],"predecessor-version":[{"id":27546,"href":"https:\/\/www.todoeldia.com\/index.php\/wp-json\/wp\/v2\/posts\/27538\/revisions\/27546"}],"wp:featuredmedia":[{"embeddable":true,"href":"https:\/\/www.todoeldia.com\/index.php\/wp-json\/wp\/v2\/media\/27539"}],"wp:attachment":[{"href":"https:\/\/www.todoeldia.com\/index.php\/wp-json\/wp\/v2\/media?parent=27538"}],"wp:term":[{"taxonomy":"category","embeddable":true,"href":"https:\/\/www.todoeldia.com\/index.php\/wp-json\/wp\/v2\/categories?post=27538"},{"taxonomy":"post_tag","embeddable":true,"href":"https:\/\/www.todoeldia.com\/index.php\/wp-json\/wp\/v2\/tags?post=27538"}],"curies":[{"name":"wp","href":"https:\/\/api.w.org\/{rel}","templated":true}]}}