{"id":28544,"date":"2021-10-09T15:55:31","date_gmt":"2021-10-09T18:55:31","guid":{"rendered":"https:\/\/www.todoeldia.com\/?p=28544"},"modified":"2021-10-09T15:55:32","modified_gmt":"2021-10-09T18:55:32","slug":"solo-10-casos-de-coronavirus-y-1-muerto-en-salta","status":"publish","type":"post","link":"https:\/\/www.todoeldia.com\/index.php\/2021\/10\/09\/solo-10-casos-de-coronavirus-y-1-muerto-en-salta\/","title":{"rendered":"Solo 10 casos de coronavirus y 1 muerto en Salta"},"content":{"rendered":"\n<p>El Ministerio de Salud P\u00fablica inform\u00f3 que, en las \u00faltimas 24 horas, se notificaron 10 casos nuevos en la provincia y se report\u00f3 el fallecimiento de una persona.<\/p>\n\n\n\n<p>Se trata del numero m\u00e1s bajo desde principios de a\u00f1o, sin embargo, no se aclara cuantos test se realizan diariamente.<\/p>\n\n\n\n<p>Desde el inicio de la pandemia, en la Provincia suman 85.407 los casos confirmados, de los cuales ya se han recuperado 81.068, lo que representa el 95%.<\/p>\n\n\n\n<p>Hay 85 pacientes internados en unidades de terapia intensiva y 35 con asistencia respiratoria mec\u00e1nica.<\/p>\n\n\n\n<p>A la fecha, los decesos por COVID-19 en Salta suman 2633.<\/p>\n\n\n\n<figure class=\"wp-block-table\"><table><tbody><tr><td><strong>Fecha: 09\/10\/2021 ( 13.00 hs)<\/strong><\/td><\/tr><tr><td><strong>Casos COVID-19 de residentes en la Provincia de Salta<\/strong><\/td><\/tr><tr><td><strong>Departamento<\/strong><\/td><td><strong>Casos notificados&nbsp;<\/strong><\/td><td><strong>Total de casos notificados a\u00f1o 2021<\/strong><\/td><td><strong>Total de casos acumulados<\/strong><\/td><\/tr><tr><td>Anta<\/td><td>1<\/td><td>3785<\/td><td>4477<\/td><\/tr><tr><td>Cachi<\/td><td>0<\/td><td>669<\/td><td>757<\/td><\/tr><tr><td>Cafayate<\/td><td>0<\/td><td>1491<\/td><td>2073<\/td><\/tr><tr><td>Capital<\/td><td>5<\/td><td>31944<\/td><td>42488<\/td><\/tr><tr><td>Cerrillos<\/td><td>0<\/td><td>2032<\/td><td>3008<\/td><\/tr><tr><td>Chicoana<\/td><td>0<\/td><td>1375<\/td><td>1695<\/td><\/tr><tr><td>Gral. G\u00fcemes<\/td><td>2<\/td><td>1578<\/td><td>2764<\/td><\/tr><tr><td>Gral. San Mart\u00edn<\/td><td>2<\/td><td>3478<\/td><td>5597<\/td><\/tr><tr><td>Guachipas<\/td><td>0<\/td><td>204<\/td><td>244<\/td><\/tr><tr><td>Iruya&nbsp;<\/td><td>0<\/td><td>460<\/td><td>580<\/td><\/tr><tr><td>La Caldera<\/td><td>0<\/td><td>979<\/td><td>1222<\/td><\/tr><tr><td>La Candelaria<\/td><td>0<\/td><td>502<\/td><td>536<\/td><\/tr><tr><td>La Poma<\/td><td>0<\/td><td>70<\/td><td>105<\/td><\/tr><tr><td>La Vi\u00f1a<\/td><td>0<\/td><td>703<\/td><td>925<\/td><\/tr><tr><td>Los Andes<\/td><td>0<\/td><td>357<\/td><td>587<\/td><\/tr><tr><td>Met\u00e1n<\/td><td>0<\/td><td>3256<\/td><td>3792<\/td><\/tr><tr><td>Molinos<\/td><td>0<\/td><td>565<\/td><td>632<\/td><\/tr><tr><td>Or\u00e1n<\/td><td>0<\/td><td>3064<\/td><td>5613<\/td><\/tr><tr><td>Rivadavia<\/td><td>0<\/td><td>1257<\/td><td>1495<\/td><\/tr><tr><td>Rosario de la Frontera<\/td><td>0<\/td><td>2165<\/td><td>2385<\/td><\/tr><tr><td>Rosario de Lerma<\/td><td>0<\/td><td>2026<\/td><td>2910<\/td><\/tr><tr><td>San Carlos<\/td><td>0<\/td><td>599<\/td><td>759<\/td><\/tr><tr><td>Santa Victoria<\/td><td>0<\/td><td>715<\/td><td>763<\/td><\/tr><tr><td><strong>TOTAL<\/strong><\/td><td><strong>10<\/strong><\/td><td><strong>63274<\/strong><\/td><td><strong>85407<\/strong><\/td><\/tr><\/tbody><\/table><\/figure>\n","protected":false},"excerpt":{"rendered":"<p>El Ministerio de Salud P\u00fablica inform\u00f3 que, en las \u00faltimas 24 horas, se notificaron 10 casos nuevos en la provincia y se report\u00f3 el fallecimiento de una persona. Se trata del numero m\u00e1s bajo desde principios de a\u00f1o, sin embargo, no se aclara cuantos test se realizan diariamente. Desde el inicio de la pandemia, en [&hellip;]<\/p>\n","protected":false},"author":2,"featured_media":28545,"comment_status":"open","ping_status":"open","sticky":false,"template":"","format":"standard","meta":{"tdm_status":"","tdm_grid_status":"","_joinchat":[],"footnotes":""},"categories":[65],"tags":[],"class_list":{"0":"post-28544","1":"post","2":"type-post","3":"status-publish","4":"format-standard","5":"has-post-thumbnail","7":"category-coronavirus"},"amp_enabled":true,"_links":{"self":[{"href":"https:\/\/www.todoeldia.com\/index.php\/wp-json\/wp\/v2\/posts\/28544","targetHints":{"allow":["GET"]}}],"collection":[{"href":"https:\/\/www.todoeldia.com\/index.php\/wp-json\/wp\/v2\/posts"}],"about":[{"href":"https:\/\/www.todoeldia.com\/index.php\/wp-json\/wp\/v2\/types\/post"}],"author":[{"embeddable":true,"href":"https:\/\/www.todoeldia.com\/index.php\/wp-json\/wp\/v2\/users\/2"}],"replies":[{"embeddable":true,"href":"https:\/\/www.todoeldia.com\/index.php\/wp-json\/wp\/v2\/comments?post=28544"}],"version-history":[{"count":1,"href":"https:\/\/www.todoeldia.com\/index.php\/wp-json\/wp\/v2\/posts\/28544\/revisions"}],"predecessor-version":[{"id":28546,"href":"https:\/\/www.todoeldia.com\/index.php\/wp-json\/wp\/v2\/posts\/28544\/revisions\/28546"}],"wp:featuredmedia":[{"embeddable":true,"href":"https:\/\/www.todoeldia.com\/index.php\/wp-json\/wp\/v2\/media\/28545"}],"wp:attachment":[{"href":"https:\/\/www.todoeldia.com\/index.php\/wp-json\/wp\/v2\/media?parent=28544"}],"wp:term":[{"taxonomy":"category","embeddable":true,"href":"https:\/\/www.todoeldia.com\/index.php\/wp-json\/wp\/v2\/categories?post=28544"},{"taxonomy":"post_tag","embeddable":true,"href":"https:\/\/www.todoeldia.com\/index.php\/wp-json\/wp\/v2\/tags?post=28544"}],"curies":[{"name":"wp","href":"https:\/\/api.w.org\/{rel}","templated":true}]}}