{"id":28547,"date":"2021-10-10T10:29:02","date_gmt":"2021-10-10T13:29:02","guid":{"rendered":"https:\/\/www.todoeldia.com\/?p=28547"},"modified":"2021-10-10T10:29:03","modified_gmt":"2021-10-10T13:29:03","slug":"pelea-entre-puesteros-en-el-parque-san-martin-termino-con-un-muerto","status":"publish","type":"post","link":"https:\/\/www.todoeldia.com\/index.php\/2021\/10\/10\/pelea-entre-puesteros-en-el-parque-san-martin-termino-con-un-muerto\/","title":{"rendered":"Pelea entre puesteros en el Parque San Mart\u00edn termin\u00f3 con un muerto"},"content":{"rendered":"\n<p>El fiscal penal de la Unidad de Graves Atentados contra las Personas en turno, Leandro Flores tiene a su cargo la investigaci\u00f3n del asesinato de un joven ocurrido hoy a la 1 de la madrugada en el parque San Mart\u00edn.<\/p>\n\n\n\n<p>El hecho ocurri\u00f3 en la esquina de San Mart\u00edn y Lavalle y seg\u00fan los primeros datos obtenidos se tratar\u00eda de una pelea entre dos puesteros.<\/p>\n\n\n\n<p>Uno de ellos utiliz\u00f3 un cuchillo tipo carnicero y degoll\u00f3 a la victima de nombre Nahuel, de 21 a\u00f1os de edad que se desempe\u00f1aba en uno de los puestos ubicados en ese sector de la ciudad.<\/p>\n\n\n\n<p>El joven falleci\u00f3 antes de poder ser asistido y la Polic\u00eda trabaja en la aprehensi\u00f3n del homicida que se dio a la fuga, aunque seg\u00fan se inform\u00f3 ya estar\u00eda identificado.<\/p>\n\n\n\n<p>Flores dispuso el trabajo del Cuerpo de Investigaciones Fiscales para realizar las medidas de rigor en el lugar y de miembros de la Unidad de Investigaciones de Homicidios del CIF.<\/p>\n\n\n\n<p>El cuerpo del fallecido fue trasladado al Servicio de Tanatolog\u00eda Forense del CIF, donde cumplidos los protocolos sanitarios vigentes, se realizar\u00e1 la autopsia.<\/p>\n","protected":false},"excerpt":{"rendered":"<p>El fiscal penal de la Unidad de Graves Atentados contra las Personas en turno, Leandro Flores tiene a su cargo la investigaci\u00f3n del asesinato de un joven ocurrido hoy a la 1 de la madrugada en el parque San Mart\u00edn. El hecho ocurri\u00f3 en la esquina de San Mart\u00edn y Lavalle y seg\u00fan los primeros [&hellip;]<\/p>\n","protected":false},"author":2,"featured_media":28548,"comment_status":"open","ping_status":"open","sticky":false,"template":"","format":"standard","meta":{"tdm_status":"","tdm_grid_status":"","_joinchat":[],"footnotes":""},"categories":[73],"tags":[],"class_list":{"0":"post-28547","1":"post","2":"type-post","3":"status-publish","4":"format-standard","5":"has-post-thumbnail","7":"category-noticias-general"},"amp_enabled":true,"_links":{"self":[{"href":"https:\/\/www.todoeldia.com\/index.php\/wp-json\/wp\/v2\/posts\/28547","targetHints":{"allow":["GET"]}}],"collection":[{"href":"https:\/\/www.todoeldia.com\/index.php\/wp-json\/wp\/v2\/posts"}],"about":[{"href":"https:\/\/www.todoeldia.com\/index.php\/wp-json\/wp\/v2\/types\/post"}],"author":[{"embeddable":true,"href":"https:\/\/www.todoeldia.com\/index.php\/wp-json\/wp\/v2\/users\/2"}],"replies":[{"embeddable":true,"href":"https:\/\/www.todoeldia.com\/index.php\/wp-json\/wp\/v2\/comments?post=28547"}],"version-history":[{"count":1,"href":"https:\/\/www.todoeldia.com\/index.php\/wp-json\/wp\/v2\/posts\/28547\/revisions"}],"predecessor-version":[{"id":28549,"href":"https:\/\/www.todoeldia.com\/index.php\/wp-json\/wp\/v2\/posts\/28547\/revisions\/28549"}],"wp:featuredmedia":[{"embeddable":true,"href":"https:\/\/www.todoeldia.com\/index.php\/wp-json\/wp\/v2\/media\/28548"}],"wp:attachment":[{"href":"https:\/\/www.todoeldia.com\/index.php\/wp-json\/wp\/v2\/media?parent=28547"}],"wp:term":[{"taxonomy":"category","embeddable":true,"href":"https:\/\/www.todoeldia.com\/index.php\/wp-json\/wp\/v2\/categories?post=28547"},{"taxonomy":"post_tag","embeddable":true,"href":"https:\/\/www.todoeldia.com\/index.php\/wp-json\/wp\/v2\/tags?post=28547"}],"curies":[{"name":"wp","href":"https:\/\/api.w.org\/{rel}","templated":true}]}}