{"id":28723,"date":"2021-10-14T09:42:40","date_gmt":"2021-10-14T12:42:40","guid":{"rendered":"https:\/\/www.todoeldia.com\/?p=28723"},"modified":"2021-10-14T09:42:41","modified_gmt":"2021-10-14T12:42:41","slug":"vuelve-el-caos-al-centro-de-la-ciudad-por-las-marchas-piqueteras","status":"publish","type":"post","link":"https:\/\/www.todoeldia.com\/index.php\/2021\/10\/14\/vuelve-el-caos-al-centro-de-la-ciudad-por-las-marchas-piqueteras\/","title":{"rendered":"Vuelve el caos al centro de la ciudad por las marchas piqueteras"},"content":{"rendered":"\n<p>Diferentes piquetes y movilizaciones tendr\u00e1n lugar en la jornada de hoy en la Ciudad de Salta. Distintas organizaciones sociales cortar\u00e1n a partir de las 10 distintas arterias de la Capital.<\/p>\n\n\n\n<p>La convocatoria corresponde a dirigentes y militantes de distintas organizaciones piqueteras de izquierda que tambi\u00e9n estar\u00e1n en otros puntos del pa\u00eds en reclamo de &#8220;trabajo genuino&#8221; y asistencia alimentaria a comedores comunitarios, entre otras demandas.<\/p>\n\n\n\n<p>De la denominada &#8220;jornada nacional piquetera&#8221; participar\u00e1n el Polo Obrero, el MTR Votamos Luchar, el MIJD, el Movimiento 29 de mayo, el Bloque Piquetero Nacional, el MTL Rebelde, el CUBA-MTR y el Frente de la Resistencia, entre otras organizaciones.<\/p>\n\n\n\n<p>Los principales reclamos se concentran en la cuesti\u00f3n de empleo, vivienda y alimentos, y en las negociaciones con el Fondo Monetario Internacional (FMI) por la deuda.<\/p>\n\n\n\n<p>En este sentido, subrayaron la demanda de &#8220;trabajo genuino en las obras p\u00fablicas y en la construcci\u00f3n de viviendas; ning\u00fan salario por debajo de la l\u00ednea de la pobreza; asistencia integral a los comedores, con variedad y calidad de alimentos; y una apertura universal de los programas sociales&#8221;.<\/p>\n","protected":false},"excerpt":{"rendered":"<p>Diferentes piquetes y movilizaciones tendr\u00e1n lugar en la jornada de hoy en la Ciudad de Salta. Distintas organizaciones sociales cortar\u00e1n a partir de las 10 distintas arterias de la Capital. La convocatoria corresponde a dirigentes y militantes de distintas organizaciones piqueteras de izquierda que tambi\u00e9n estar\u00e1n en otros puntos del pa\u00eds en reclamo de &#8220;trabajo [&hellip;]<\/p>\n","protected":false},"author":2,"featured_media":28726,"comment_status":"open","ping_status":"open","sticky":false,"template":"","format":"standard","meta":{"tdm_status":"","tdm_grid_status":"","_joinchat":[],"footnotes":""},"categories":[69],"tags":[],"class_list":{"0":"post-28723","1":"post","2":"type-post","3":"status-publish","4":"format-standard","5":"has-post-thumbnail","7":"category-salta"},"amp_enabled":true,"_links":{"self":[{"href":"https:\/\/www.todoeldia.com\/index.php\/wp-json\/wp\/v2\/posts\/28723","targetHints":{"allow":["GET"]}}],"collection":[{"href":"https:\/\/www.todoeldia.com\/index.php\/wp-json\/wp\/v2\/posts"}],"about":[{"href":"https:\/\/www.todoeldia.com\/index.php\/wp-json\/wp\/v2\/types\/post"}],"author":[{"embeddable":true,"href":"https:\/\/www.todoeldia.com\/index.php\/wp-json\/wp\/v2\/users\/2"}],"replies":[{"embeddable":true,"href":"https:\/\/www.todoeldia.com\/index.php\/wp-json\/wp\/v2\/comments?post=28723"}],"version-history":[{"count":1,"href":"https:\/\/www.todoeldia.com\/index.php\/wp-json\/wp\/v2\/posts\/28723\/revisions"}],"predecessor-version":[{"id":28727,"href":"https:\/\/www.todoeldia.com\/index.php\/wp-json\/wp\/v2\/posts\/28723\/revisions\/28727"}],"wp:featuredmedia":[{"embeddable":true,"href":"https:\/\/www.todoeldia.com\/index.php\/wp-json\/wp\/v2\/media\/28726"}],"wp:attachment":[{"href":"https:\/\/www.todoeldia.com\/index.php\/wp-json\/wp\/v2\/media?parent=28723"}],"wp:term":[{"taxonomy":"category","embeddable":true,"href":"https:\/\/www.todoeldia.com\/index.php\/wp-json\/wp\/v2\/categories?post=28723"},{"taxonomy":"post_tag","embeddable":true,"href":"https:\/\/www.todoeldia.com\/index.php\/wp-json\/wp\/v2\/tags?post=28723"}],"curies":[{"name":"wp","href":"https:\/\/api.w.org\/{rel}","templated":true}]}}