{"id":28753,"date":"2021-10-14T23:07:50","date_gmt":"2021-10-15T02:07:50","guid":{"rendered":"https:\/\/www.todoeldia.com\/?p=28753"},"modified":"2021-10-14T23:07:51","modified_gmt":"2021-10-15T02:07:51","slug":"detuvieron-en-el-camping-de-moldes-al-asesino-mas-buscado-de-tucuman","status":"publish","type":"post","link":"https:\/\/www.todoeldia.com\/index.php\/2021\/10\/14\/detuvieron-en-el-camping-de-moldes-al-asesino-mas-buscado-de-tucuman\/","title":{"rendered":"Detuvieron en el camping de Moldes al asesino mas buscado de Tucum\u00e1n"},"content":{"rendered":"\n<p>Rejas, que presentaba pedido de captura internacional por doble homicidio, se encontraba detenido en una seccional de bomberos en la provincia de Tucum\u00e1n y era intensamente buscado tras vulnerar la seguridad y darse a la fuga de la vecina provincia. La detenci\u00f3n fue concretada por efectivos de la Subcomisaria de Coronel Moldes en un camping distante a 8 km de esa localidad.<\/p>\n\n\n\n<p>En el marco de un pedido de captura internacional donde solicitaban la detenci\u00f3n del ciudadano Roberto Carlos Rejas, quien era requerido por la Justicia de Tucum\u00e1n acusado de un doble homicidio perpetrado en esa provincia, en la tarde de hoy efectivos de la Subcomisaria Coronel Moldes lograron su aprehensi\u00f3n.<\/p>\n\n\n\n<p>Tras una alerta del encargado del camping denominado \u201cMi Tata\u201d ubicado a 8 km de la localidad de Coronel Moldes, sobre un joven que d\u00edas pasados pidi\u00f3 alojamiento a cambio de trabajo para limpiar las embarcaciones del camping, en quien detect\u00f3 conductas inusuales y hab\u00eda aportado diferentes identidades. Los efectivos de la dependencia local al entrevistarse con el sospechoso lograron individualizarlo por las caracter\u00edsticas fison\u00f3micas coincidentes con las del buscado por la justicia Tucumana y procedieron a la aprehensi\u00f3n.<\/p>\n\n\n\n<p>La detenci\u00f3n se concret\u00f3 a horas 18:15 y a partir de ese momento se iniciaron las diligencias correspondientes ante los efectivos de la Polic\u00eda de Tucum\u00e1n a fin de corroborar que se trataba de la misma persona.<\/p>\n","protected":false},"excerpt":{"rendered":"<p>Rejas, que presentaba pedido de captura internacional por doble homicidio, se encontraba detenido en una seccional de bomberos en la provincia de Tucum\u00e1n y era intensamente buscado tras vulnerar la seguridad y darse a la fuga de la vecina provincia. La detenci\u00f3n fue concretada por efectivos de la Subcomisaria de Coronel Moldes en un camping [&hellip;]<\/p>\n","protected":false},"author":2,"featured_media":28754,"comment_status":"open","ping_status":"open","sticky":false,"template":"","format":"standard","meta":{"tdm_status":"","tdm_grid_status":"","_joinchat":[],"footnotes":""},"categories":[73],"tags":[],"class_list":{"0":"post-28753","1":"post","2":"type-post","3":"status-publish","4":"format-standard","5":"has-post-thumbnail","7":"category-noticias-general"},"amp_enabled":true,"_links":{"self":[{"href":"https:\/\/www.todoeldia.com\/index.php\/wp-json\/wp\/v2\/posts\/28753","targetHints":{"allow":["GET"]}}],"collection":[{"href":"https:\/\/www.todoeldia.com\/index.php\/wp-json\/wp\/v2\/posts"}],"about":[{"href":"https:\/\/www.todoeldia.com\/index.php\/wp-json\/wp\/v2\/types\/post"}],"author":[{"embeddable":true,"href":"https:\/\/www.todoeldia.com\/index.php\/wp-json\/wp\/v2\/users\/2"}],"replies":[{"embeddable":true,"href":"https:\/\/www.todoeldia.com\/index.php\/wp-json\/wp\/v2\/comments?post=28753"}],"version-history":[{"count":1,"href":"https:\/\/www.todoeldia.com\/index.php\/wp-json\/wp\/v2\/posts\/28753\/revisions"}],"predecessor-version":[{"id":28755,"href":"https:\/\/www.todoeldia.com\/index.php\/wp-json\/wp\/v2\/posts\/28753\/revisions\/28755"}],"wp:featuredmedia":[{"embeddable":true,"href":"https:\/\/www.todoeldia.com\/index.php\/wp-json\/wp\/v2\/media\/28754"}],"wp:attachment":[{"href":"https:\/\/www.todoeldia.com\/index.php\/wp-json\/wp\/v2\/media?parent=28753"}],"wp:term":[{"taxonomy":"category","embeddable":true,"href":"https:\/\/www.todoeldia.com\/index.php\/wp-json\/wp\/v2\/categories?post=28753"},{"taxonomy":"post_tag","embeddable":true,"href":"https:\/\/www.todoeldia.com\/index.php\/wp-json\/wp\/v2\/tags?post=28753"}],"curies":[{"name":"wp","href":"https:\/\/api.w.org\/{rel}","templated":true}]}}