{"id":28759,"date":"2021-10-15T00:29:35","date_gmt":"2021-10-15T03:29:35","guid":{"rendered":"https:\/\/www.todoeldia.com\/?p=28759"},"modified":"2021-10-15T09:40:26","modified_gmt":"2021-10-15T12:40:26","slug":"la-provincia-intervendra-el-ejecutivo-de-salvador-mazza","status":"publish","type":"post","link":"https:\/\/www.todoeldia.com\/index.php\/2021\/10\/15\/la-provincia-intervendra-el-ejecutivo-de-salvador-mazza\/","title":{"rendered":"La Provincia intervendr\u00e1 el Ejecutivo de Salvador Mazza"},"content":{"rendered":"\n<p>Mientras en intendente de Salvador Maza pidi\u00f3 licencia por el esc\u00e1ndalo desatado en la localidad y asumi\u00f3 la presienta del Concejo Deliberante, por FM Aries, el ministro Ricardo Villada adelant\u00f3 que el Gobierno decidi\u00f3 enviar a la Legislatura el proyecto que prev\u00e9 la intervenci\u00f3n el Poder Ejecutivo de la localidad. Explic\u00f3 que a\u00fan se discuten los detalles de la intervenci\u00f3n y que todav\u00eda no hay nombres en danza para la tarea.<\/p>\n\n\n\n<p>Ricardo Villada, ministro de Gobierno, Justicia, Trabajo y DDHH de la Provincia, anunci\u00f3 que, en funci\u00f3n de los acontecimientos, el Ejecutivo provincial ha decidido enviar a la Legislatura salte\u00f1a el proyecto para la intervenci\u00f3n del Ejecutivo de Salvador Mazza.<\/p>\n\n\n\n<p>\u201cEl Intendente no puede seguir conduciendo el Municipio; debe responder a la Justicia y ver cu\u00e1l es el resultado, pero \u2013 claramente \u2013 su credibilidad ante el pueblo de Salvador Mazza ha sido da\u00f1ada\u201d, sostuvo el funcionario en di\u00e1logo con esta emisora.<\/p>\n\n\n\n<p>Asegur\u00f3 que, ante el suceso, fue decisi\u00f3n de la Provincia acudir a un \u201cremedio institucional\u201d ya que actualmente el Concejo Deliberante de la localidad no podr\u00e1 hacerse cargo de la situaci\u00f3n.<\/p>\n\n\n\n<p>No obstante, Villada advirti\u00f3 que los pasos a seguir fueron y est\u00e1n siendo discutidos con dirigentes de Salvador Mazza, dado que la intervenci\u00f3n \u2013 dijo \u2013 \u201cdebe darse en armon\u00eda\u201d.<\/p>\n\n\n\n<p>\u201cNo tenemos el nombre de qui\u00e9n realizar\u00eda la intervenci\u00f3n. Incluso, actualmente la presidenta del Concejo Deliberante local es una concejala que no ha sido reelecta, por lo cual su funci\u00f3n tiene un condicionamiento de tiempo y eso le da cierta inestabilidad\u201d, explic\u00f3.<\/p>\n","protected":false},"excerpt":{"rendered":"<p>Mientras en intendente de Salvador Maza pidi\u00f3 licencia por el esc\u00e1ndalo desatado en la localidad y asumi\u00f3 la presienta del Concejo Deliberante, por FM Aries, el ministro Ricardo Villada adelant\u00f3 que el Gobierno decidi\u00f3 enviar a la Legislatura el proyecto que prev\u00e9 la intervenci\u00f3n el Poder Ejecutivo de la localidad. Explic\u00f3 que a\u00fan se discuten [&hellip;]<\/p>\n","protected":false},"author":2,"featured_media":28760,"comment_status":"open","ping_status":"open","sticky":false,"template":"","format":"standard","meta":{"tdm_status":"","tdm_grid_status":"","_joinchat":[],"footnotes":""},"categories":[59],"tags":[],"class_list":{"0":"post-28759","1":"post","2":"type-post","3":"status-publish","4":"format-standard","5":"has-post-thumbnail","7":"category-politica"},"amp_enabled":true,"_links":{"self":[{"href":"https:\/\/www.todoeldia.com\/index.php\/wp-json\/wp\/v2\/posts\/28759","targetHints":{"allow":["GET"]}}],"collection":[{"href":"https:\/\/www.todoeldia.com\/index.php\/wp-json\/wp\/v2\/posts"}],"about":[{"href":"https:\/\/www.todoeldia.com\/index.php\/wp-json\/wp\/v2\/types\/post"}],"author":[{"embeddable":true,"href":"https:\/\/www.todoeldia.com\/index.php\/wp-json\/wp\/v2\/users\/2"}],"replies":[{"embeddable":true,"href":"https:\/\/www.todoeldia.com\/index.php\/wp-json\/wp\/v2\/comments?post=28759"}],"version-history":[{"count":1,"href":"https:\/\/www.todoeldia.com\/index.php\/wp-json\/wp\/v2\/posts\/28759\/revisions"}],"predecessor-version":[{"id":28761,"href":"https:\/\/www.todoeldia.com\/index.php\/wp-json\/wp\/v2\/posts\/28759\/revisions\/28761"}],"wp:featuredmedia":[{"embeddable":true,"href":"https:\/\/www.todoeldia.com\/index.php\/wp-json\/wp\/v2\/media\/28760"}],"wp:attachment":[{"href":"https:\/\/www.todoeldia.com\/index.php\/wp-json\/wp\/v2\/media?parent=28759"}],"wp:term":[{"taxonomy":"category","embeddable":true,"href":"https:\/\/www.todoeldia.com\/index.php\/wp-json\/wp\/v2\/categories?post=28759"},{"taxonomy":"post_tag","embeddable":true,"href":"https:\/\/www.todoeldia.com\/index.php\/wp-json\/wp\/v2\/tags?post=28759"}],"curies":[{"name":"wp","href":"https:\/\/api.w.org\/{rel}","templated":true}]}}