{"id":28762,"date":"2021-10-15T00:33:44","date_gmt":"2021-10-15T03:33:44","guid":{"rendered":"https:\/\/www.todoeldia.com\/?p=28762"},"modified":"2021-10-15T00:33:45","modified_gmt":"2021-10-15T03:33:45","slug":"la-inflacion-subio-al-35-en-septiembre-y-llego-al-525-el-ultimo-ano","status":"publish","type":"post","link":"https:\/\/www.todoeldia.com\/index.php\/2021\/10\/15\/la-inflacion-subio-al-35-en-septiembre-y-llego-al-525-el-ultimo-ano\/","title":{"rendered":"La inflaci\u00f3n subi\u00f3 al 3,5% en septiembre y lleg\u00f3 al 52,5% el \u00faltimo a\u00f1o"},"content":{"rendered":"\n<p>En los primeros nueve meses de 2021 la suba de precios acumulada fue de 37%; la suba fue del 2,9% en alimentos, del 5,9% en vestimenta, del 4,3% en salud y del 3% en transporte, entre otro<\/p>\n\n\n\n<p>El \u00cdndice de Precios al Consumidor (IPC) subi\u00f3 un 3,5% en septiembre, seg\u00fan inform\u00f3 el Instituto Nacional de Estad\u00edstica y Censos (INDEC), frente a un incremento del 2,5% registrado el mes anterior. De este modo, ascendi\u00f3 al 52,5% en el \u00faltimo a\u00f1o y al 37% desde enero.<\/p>\n\n\n\n<p>La suba fue del 2,9% en alimentos, del 5,9% en vestimenta, del 4,3% en salud, del 3% en transporte, del 3,8% en recreaci\u00f3n y cultura y del 4,1% en restaurantes.<\/p>\n\n\n\n<p>La divisi\u00f3n de mayor incremento en el mes fue Prendas de vestir y calzado (6%), seguida por Bebidas alcoh\u00f3licas y tabaco (5,9%), donde incidi\u00f3 principalmente la suba de cigarrillos.<\/p>\n\n\n\n<p>En Salud (4,3%), el alza fue impulsada en gran medida por el alza de gastos de prepagas y fue la tercera divisi\u00f3n de mayor ascenso del mes. En tanto, la suba en la divisi\u00f3n Alimentos y bebidas no alcoh\u00f3licas (2,9%) fue la de mayor incidencia en todas las regiones. El incremento se explic\u00f3 fundamentalmente por el aumento en Frutas; Verduras, tub\u00e9rculos y legumbres; Az\u00facar, dulces, chocolate, golosinas y otros productos, como Caf\u00e9, t\u00e9, yerba y cacao; y Leche, productos l\u00e1cteos y huevos.<\/p>\n\n\n\n<p>La categor\u00eda Estacionales (6,4%) fue la de mayor suba del mes, impulsada en parte por el alza mencionada en Prendas de vestir y calzado; Frutas; y Verduras, tub\u00e9rculos y legumbres. El IPC N\u00facleo (3,3%) fue la segunda categor\u00eda de mayor incremento, mientras que la de Regulados registr\u00f3 un aumento de 3,0%, empujada por la suba de cigarrillos y de Gastos de prepagas, indic\u00f3 el Indec.<\/p>\n\n\n\n<p>Isa\u00edas Marini, economista de Econviews. se\u00f1al\u00f3 a Reuters que la inflaci\u00f3n de septiembre super\u00f3 el umbral del 3%, \u201crevirtiendo la tendencia bajista de los \u00faltimos meses que se basaba en el ancla cambiaria y controles de precios, pero que no logr\u00f3 afectar la inercia\u201d.<\/p>\n\n\n\n<p>Agreg\u00f3 que \u201cde hecho, el aumento de la brecha y el freno a las importaciones reducen la efectividad del ancla cambiaria, y esperamos que la inflaci\u00f3n se acelere en los pr\u00f3ximos meses para cerrar el a\u00f1o como m\u00ednimo en 51 por ciento\u201d.<\/p>\n","protected":false},"excerpt":{"rendered":"<p>En los primeros nueve meses de 2021 la suba de precios acumulada fue de 37%; la suba fue del 2,9% en alimentos, del 5,9% en vestimenta, del 4,3% en salud y del 3% en transporte, entre otro El \u00cdndice de Precios al Consumidor (IPC) subi\u00f3 un 3,5% en septiembre, seg\u00fan inform\u00f3 el Instituto Nacional de [&hellip;]<\/p>\n","protected":false},"author":2,"featured_media":28763,"comment_status":"open","ping_status":"open","sticky":false,"template":"","format":"standard","meta":{"tdm_status":"","tdm_grid_status":"","_joinchat":[],"footnotes":""},"categories":[73],"tags":[],"class_list":{"0":"post-28762","1":"post","2":"type-post","3":"status-publish","4":"format-standard","5":"has-post-thumbnail","7":"category-noticias-general"},"amp_enabled":true,"_links":{"self":[{"href":"https:\/\/www.todoeldia.com\/index.php\/wp-json\/wp\/v2\/posts\/28762","targetHints":{"allow":["GET"]}}],"collection":[{"href":"https:\/\/www.todoeldia.com\/index.php\/wp-json\/wp\/v2\/posts"}],"about":[{"href":"https:\/\/www.todoeldia.com\/index.php\/wp-json\/wp\/v2\/types\/post"}],"author":[{"embeddable":true,"href":"https:\/\/www.todoeldia.com\/index.php\/wp-json\/wp\/v2\/users\/2"}],"replies":[{"embeddable":true,"href":"https:\/\/www.todoeldia.com\/index.php\/wp-json\/wp\/v2\/comments?post=28762"}],"version-history":[{"count":1,"href":"https:\/\/www.todoeldia.com\/index.php\/wp-json\/wp\/v2\/posts\/28762\/revisions"}],"predecessor-version":[{"id":28764,"href":"https:\/\/www.todoeldia.com\/index.php\/wp-json\/wp\/v2\/posts\/28762\/revisions\/28764"}],"wp:featuredmedia":[{"embeddable":true,"href":"https:\/\/www.todoeldia.com\/index.php\/wp-json\/wp\/v2\/media\/28763"}],"wp:attachment":[{"href":"https:\/\/www.todoeldia.com\/index.php\/wp-json\/wp\/v2\/media?parent=28762"}],"wp:term":[{"taxonomy":"category","embeddable":true,"href":"https:\/\/www.todoeldia.com\/index.php\/wp-json\/wp\/v2\/categories?post=28762"},{"taxonomy":"post_tag","embeddable":true,"href":"https:\/\/www.todoeldia.com\/index.php\/wp-json\/wp\/v2\/tags?post=28762"}],"curies":[{"name":"wp","href":"https:\/\/api.w.org\/{rel}","templated":true}]}}