{"id":28771,"date":"2021-10-15T09:28:55","date_gmt":"2021-10-15T12:28:55","guid":{"rendered":"https:\/\/www.todoeldia.com\/?p=28771"},"modified":"2021-10-15T09:28:57","modified_gmt":"2021-10-15T12:28:57","slug":"hoy-continuan-los-alegatos-en-el-juicio-a-teruel-por-las-dos-causas-de-abuso-sexual","status":"publish","type":"post","link":"https:\/\/www.todoeldia.com\/index.php\/2021\/10\/15\/hoy-continuan-los-alegatos-en-el-juicio-a-teruel-por-las-dos-causas-de-abuso-sexual\/","title":{"rendered":"Hoy contin\u00faan los alegatos en el juicio a Teruel  por las dos causas de abuso sexual"},"content":{"rendered":"\n<p>La audiencia de debate contra Lautaro Teruel, acusado por el abuso sexual de dos v\u00edctimas, y contra Silvio Ezequiel Rodr\u00edguez y Gonzalo Isaac Farf\u00e1n, en uno de los casos, continuar\u00e1 este viernes con la segunda etapa de los alegatos.<\/p>\n\n\n\n<p>Este viernes 15 de octubre continuar\u00e1 el desarrollo de los alegatos en el juicio contra Marco Lautaro Teruel.<\/p>\n\n\n\n<p>El fiscal penal 1 de la Unidad de Delitos contra la Integridad Sexual, Federico Obeid, requiri\u00f3 ante la Sala III del Tribunal de Juicio, la pena de 17 a\u00f1os de prisi\u00f3n efectiva para Marco Lautaro Teruel, por ambas causas acumuladas, mientras que la querella de la primera causa, solicit\u00f3 al Tribunal la pena de 15 a\u00f1os de prisi\u00f3n efectiva.<\/p>\n\n\n\n<p>En tanto, la querella de la segunda causa solicit\u00f3 una pena de 15 a\u00f1os de prisi\u00f3n efectiva para Marco Lautaro Teruel y la pena de 10 a\u00f1os de prisi\u00f3n efectiva para los coimputados Silvio Ezequiel Rodr\u00edguez y Gonzalo Isaac Farf\u00e1n.<\/p>\n\n\n\n<p>Los alegatos en la audiencia de debate a cargo de la Sala III del Tribunal de Juicio, presidido por la jueza Carolina Sanguedolce y con la vocal\u00eda de los jueces Mar\u00eda Gabriela Gonz\u00e1lez y Pablo Farah, continuar\u00e1n este viernes 15 de octubre, desde las 8.30, en el Sal\u00f3n de Grandes Juicios del Poder Judicial.<\/p>\n","protected":false},"excerpt":{"rendered":"<p>La audiencia de debate contra Lautaro Teruel, acusado por el abuso sexual de dos v\u00edctimas, y contra Silvio Ezequiel Rodr\u00edguez y Gonzalo Isaac Farf\u00e1n, en uno de los casos, continuar\u00e1 este viernes con la segunda etapa de los alegatos. Este viernes 15 de octubre continuar\u00e1 el desarrollo de los alegatos en el juicio contra Marco [&hellip;]<\/p>\n","protected":false},"author":2,"featured_media":28772,"comment_status":"open","ping_status":"open","sticky":false,"template":"","format":"standard","meta":{"tdm_status":"","tdm_grid_status":"","_joinchat":[],"footnotes":""},"categories":[73],"tags":[],"class_list":{"0":"post-28771","1":"post","2":"type-post","3":"status-publish","4":"format-standard","5":"has-post-thumbnail","7":"category-noticias-general"},"amp_enabled":true,"_links":{"self":[{"href":"https:\/\/www.todoeldia.com\/index.php\/wp-json\/wp\/v2\/posts\/28771","targetHints":{"allow":["GET"]}}],"collection":[{"href":"https:\/\/www.todoeldia.com\/index.php\/wp-json\/wp\/v2\/posts"}],"about":[{"href":"https:\/\/www.todoeldia.com\/index.php\/wp-json\/wp\/v2\/types\/post"}],"author":[{"embeddable":true,"href":"https:\/\/www.todoeldia.com\/index.php\/wp-json\/wp\/v2\/users\/2"}],"replies":[{"embeddable":true,"href":"https:\/\/www.todoeldia.com\/index.php\/wp-json\/wp\/v2\/comments?post=28771"}],"version-history":[{"count":1,"href":"https:\/\/www.todoeldia.com\/index.php\/wp-json\/wp\/v2\/posts\/28771\/revisions"}],"predecessor-version":[{"id":28773,"href":"https:\/\/www.todoeldia.com\/index.php\/wp-json\/wp\/v2\/posts\/28771\/revisions\/28773"}],"wp:featuredmedia":[{"embeddable":true,"href":"https:\/\/www.todoeldia.com\/index.php\/wp-json\/wp\/v2\/media\/28772"}],"wp:attachment":[{"href":"https:\/\/www.todoeldia.com\/index.php\/wp-json\/wp\/v2\/media?parent=28771"}],"wp:term":[{"taxonomy":"category","embeddable":true,"href":"https:\/\/www.todoeldia.com\/index.php\/wp-json\/wp\/v2\/categories?post=28771"},{"taxonomy":"post_tag","embeddable":true,"href":"https:\/\/www.todoeldia.com\/index.php\/wp-json\/wp\/v2\/tags?post=28771"}],"curies":[{"name":"wp","href":"https:\/\/api.w.org\/{rel}","templated":true}]}}