{"id":28777,"date":"2021-10-15T09:39:27","date_gmt":"2021-10-15T12:39:27","guid":{"rendered":"https:\/\/www.todoeldia.com\/?p=28777"},"modified":"2021-10-15T09:40:45","modified_gmt":"2021-10-15T12:40:45","slug":"el-senado-aprobo-por-unanimidad-la-destitucion-de-mendez","status":"publish","type":"post","link":"https:\/\/www.todoeldia.com\/index.php\/2021\/10\/15\/el-senado-aprobo-por-unanimidad-la-destitucion-de-mendez\/","title":{"rendered":"El Senado aprob\u00f3 por unanimidad la destituci\u00f3n de M\u00e9ndez"},"content":{"rendered":"\n<p>El Senado de la Provincia aprob\u00f3 por &nbsp;unanimidad el Proyecto de Ley remitido por el Poder Ejecutivo, por el cual se interviene el Departamento Ejecutivo de la Municipalidad de Salvador Mazza.<\/p>\n\n\n\n<p>Se faculta al Poder Ejecutivo Provincial&nbsp; a designar&nbsp; al Comisionado Interventor en el Departamento Ejecutivo Municipal de Profesor Salvador Mazza, con las atribuciones que la Constituci\u00f3n Provincial y las Leyes de la Provincia le confieren al \u00f3rgano intervenido.<\/p>\n\n\n\n<p>Adem\u00e1s, establece que la Intervenci\u00f3n se extender\u00e1 hasta la asunci\u00f3n del nuevo Intendente Municipal que resultare electo en las pr\u00f3ximas elecciones provinciales del a\u00f1o 2023.<\/p>\n\n\n\n<p>Previo al tratamiento del proyecto, los Senadores recibieron al Ministro de Gobierno, Derechos Humanos y Justicia, Ing. Ricardo Villada, para informarse sobre los motivos de la solicitud enviada por el Poder Ejecutivo para la intervenci\u00f3n del Municipio.<\/p>\n","protected":false},"excerpt":{"rendered":"<p>El Senado de la Provincia aprob\u00f3 por &nbsp;unanimidad el Proyecto de Ley remitido por el Poder Ejecutivo, por el cual se interviene el Departamento Ejecutivo de la Municipalidad de Salvador Mazza. Se faculta al Poder Ejecutivo Provincial&nbsp; a designar&nbsp; al Comisionado Interventor en el Departamento Ejecutivo Municipal de Profesor Salvador Mazza, con las atribuciones que [&hellip;]<\/p>\n","protected":false},"author":2,"featured_media":28780,"comment_status":"open","ping_status":"open","sticky":false,"template":"","format":"standard","meta":{"tdm_status":"","tdm_grid_status":"","_joinchat":[],"footnotes":""},"categories":[59],"tags":[],"class_list":{"0":"post-28777","1":"post","2":"type-post","3":"status-publish","4":"format-standard","5":"has-post-thumbnail","7":"category-politica"},"amp_enabled":true,"_links":{"self":[{"href":"https:\/\/www.todoeldia.com\/index.php\/wp-json\/wp\/v2\/posts\/28777","targetHints":{"allow":["GET"]}}],"collection":[{"href":"https:\/\/www.todoeldia.com\/index.php\/wp-json\/wp\/v2\/posts"}],"about":[{"href":"https:\/\/www.todoeldia.com\/index.php\/wp-json\/wp\/v2\/types\/post"}],"author":[{"embeddable":true,"href":"https:\/\/www.todoeldia.com\/index.php\/wp-json\/wp\/v2\/users\/2"}],"replies":[{"embeddable":true,"href":"https:\/\/www.todoeldia.com\/index.php\/wp-json\/wp\/v2\/comments?post=28777"}],"version-history":[{"count":3,"href":"https:\/\/www.todoeldia.com\/index.php\/wp-json\/wp\/v2\/posts\/28777\/revisions"}],"predecessor-version":[{"id":28782,"href":"https:\/\/www.todoeldia.com\/index.php\/wp-json\/wp\/v2\/posts\/28777\/revisions\/28782"}],"wp:featuredmedia":[{"embeddable":true,"href":"https:\/\/www.todoeldia.com\/index.php\/wp-json\/wp\/v2\/media\/28780"}],"wp:attachment":[{"href":"https:\/\/www.todoeldia.com\/index.php\/wp-json\/wp\/v2\/media?parent=28777"}],"wp:term":[{"taxonomy":"category","embeddable":true,"href":"https:\/\/www.todoeldia.com\/index.php\/wp-json\/wp\/v2\/categories?post=28777"},{"taxonomy":"post_tag","embeddable":true,"href":"https:\/\/www.todoeldia.com\/index.php\/wp-json\/wp\/v2\/tags?post=28777"}],"curies":[{"name":"wp","href":"https:\/\/api.w.org\/{rel}","templated":true}]}}