{"id":28786,"date":"2021-10-15T09:58:23","date_gmt":"2021-10-15T12:58:23","guid":{"rendered":"https:\/\/www.todoeldia.com\/?p=28786"},"modified":"2021-10-15T09:58:25","modified_gmt":"2021-10-15T12:58:25","slug":"la-interna-oficialista-condiciono-el-17-de-octubre-alberto-fernandez-convoco-a-marchar-el-domingo-para-evitar-un-desafio-del-cristinismo","status":"publish","type":"post","link":"https:\/\/www.todoeldia.com\/index.php\/2021\/10\/15\/la-interna-oficialista-condiciono-el-17-de-octubre-alberto-fernandez-convoco-a-marchar-el-domingo-para-evitar-un-desafio-del-cristinismo\/","title":{"rendered":"La interna oficialista condicion\u00f3 el 17 de octubre: Alberto Fern\u00e1ndez convoc\u00f3 a marchar el domingo para evitar un \u201cdesaf\u00edo\u201d del cristinismo"},"content":{"rendered":"\n<p>Idas y vueltas: el Presidente hab\u00eda cancelado un acto para ese d\u00eda, pero tras la presi\u00f3n de La C\u00e1mpora llam\u00f3 a movilizarse a \u201ctodas las plazas del pa\u00eds\u201d. No habr\u00eda ceremonia oficial.<\/p>\n\n\n\n<p>Alberto Fern\u00e1ndez se vio obligado a anticiparse a da\u00f1os inevitables: luego de haber dado marcha atr\u00e1s, al suspender el acto oficial que el Gobierno preparaba para el domingo 17 de octubre, este jueves volvi\u00f3 sobre sus pasos, esta vez al convocar a una masiva movilizaci\u00f3n a las plazas del pa\u00eds para conmemorar el D\u00eda de la Lealtad peronista.<\/p>\n\n\n\n<p>El Presidente hab\u00eda intentado evitar dar una imagen de fractura y respald\u00f3 la marcha del lunes 18 de octubre organizada por la CGT y movimientos sociales. Pero ante la certeza de que el domingo el cristinismo se movilizar\u00eda de cualquier forma, Alberto Fern\u00e1ndez debi\u00f3 convocar \u00e9l mismo a la movilizaci\u00f3n del 17 de octubre.<\/p>\n\n\n\n<p>\u201cSi no lo hac\u00eda \u00e9l, la marcha del domingo se convert\u00eda en un desaf\u00edo. No quiere decir que lo sea, pero la lectura inevitablemente iba a ser esa\u201d, dijeron a TN fuentes de la Casa Rosada.<\/p>\n\n\n\n<p>\u201cLa movilizaci\u00f3n del 17 nunca hab\u00eda sido prohibida ni cancelada, eso es un disparate. Lo que se levant\u00f3 fue el acto con el Presidente, que iba a estar con candidatos y dirigentes, nada m\u00e1s\u201d, se\u00f1al\u00f3 a este medio uno de los organizadores de la marcha del 18 de octubre, de fluido contacto con el mandatario nacional.<\/p>\n\n\n\n<p>Esta misma semana, el martes, el jefe de Gabinete, Juan Manzur, inform\u00f3 que no habr\u00eda movilizaci\u00f3n este 17 de octubre, y confirm\u00f3 oficialmente que el Ejecutivo finalmente se sumar\u00eda a la manifestaci\u00f3n que la CGT y los movimientos sociales organizaron para el d\u00eda siguiente con motivo del D\u00eda de la Lealtad Peronista.<\/p>\n\n\n\n<p>El argumento \u201coficial\u201d fue que el 17 coincide con el D\u00eda de la Madre, el argumento \u201cextraoficial\u201d fue que, luego de la crisis interna que sacudi\u00f3 al Ejecutivo nacional luego de la derrota de las PASO, cuando son cada vez m\u00e1s necesarias se\u00f1ales de unidad en la coalici\u00f3n, dos actos separados dar\u00edan una imagen de fractura.<\/p>\n","protected":false},"excerpt":{"rendered":"<p>Idas y vueltas: el Presidente hab\u00eda cancelado un acto para ese d\u00eda, pero tras la presi\u00f3n de La C\u00e1mpora llam\u00f3 a movilizarse a \u201ctodas las plazas del pa\u00eds\u201d. No habr\u00eda ceremonia oficial. Alberto Fern\u00e1ndez se vio obligado a anticiparse a da\u00f1os inevitables: luego de haber dado marcha atr\u00e1s, al suspender el acto oficial que el [&hellip;]<\/p>\n","protected":false},"author":2,"featured_media":28787,"comment_status":"open","ping_status":"open","sticky":false,"template":"","format":"standard","meta":{"tdm_status":"","tdm_grid_status":"","_joinchat":[],"footnotes":""},"categories":[59],"tags":[],"class_list":{"0":"post-28786","1":"post","2":"type-post","3":"status-publish","4":"format-standard","5":"has-post-thumbnail","7":"category-politica"},"amp_enabled":true,"_links":{"self":[{"href":"https:\/\/www.todoeldia.com\/index.php\/wp-json\/wp\/v2\/posts\/28786","targetHints":{"allow":["GET"]}}],"collection":[{"href":"https:\/\/www.todoeldia.com\/index.php\/wp-json\/wp\/v2\/posts"}],"about":[{"href":"https:\/\/www.todoeldia.com\/index.php\/wp-json\/wp\/v2\/types\/post"}],"author":[{"embeddable":true,"href":"https:\/\/www.todoeldia.com\/index.php\/wp-json\/wp\/v2\/users\/2"}],"replies":[{"embeddable":true,"href":"https:\/\/www.todoeldia.com\/index.php\/wp-json\/wp\/v2\/comments?post=28786"}],"version-history":[{"count":1,"href":"https:\/\/www.todoeldia.com\/index.php\/wp-json\/wp\/v2\/posts\/28786\/revisions"}],"predecessor-version":[{"id":28788,"href":"https:\/\/www.todoeldia.com\/index.php\/wp-json\/wp\/v2\/posts\/28786\/revisions\/28788"}],"wp:featuredmedia":[{"embeddable":true,"href":"https:\/\/www.todoeldia.com\/index.php\/wp-json\/wp\/v2\/media\/28787"}],"wp:attachment":[{"href":"https:\/\/www.todoeldia.com\/index.php\/wp-json\/wp\/v2\/media?parent=28786"}],"wp:term":[{"taxonomy":"category","embeddable":true,"href":"https:\/\/www.todoeldia.com\/index.php\/wp-json\/wp\/v2\/categories?post=28786"},{"taxonomy":"post_tag","embeddable":true,"href":"https:\/\/www.todoeldia.com\/index.php\/wp-json\/wp\/v2\/tags?post=28786"}],"curies":[{"name":"wp","href":"https:\/\/api.w.org\/{rel}","templated":true}]}}