{"id":28789,"date":"2021-10-15T10:02:34","date_gmt":"2021-10-15T13:02:34","guid":{"rendered":"https:\/\/www.todoeldia.com\/?p=28789"},"modified":"2021-10-15T10:02:36","modified_gmt":"2021-10-15T13:02:36","slug":"no-voy-a-parar-hasta-que-se-haga-justicia-con-los-hijos-del-poder-dijo-la-madre-de-lujan-aguirre","status":"publish","type":"post","link":"https:\/\/www.todoeldia.com\/index.php\/2021\/10\/15\/no-voy-a-parar-hasta-que-se-haga-justicia-con-los-hijos-del-poder-dijo-la-madre-de-lujan-aguirre\/","title":{"rendered":"\u201cNo voy a parar hasta que se haga justicia con los hijos del poder\u201d, dijo la madre de  Lujan Aguirre"},"content":{"rendered":"\n<p>Este viernes 15 de octubre, a hs 11:00 en la plazoleta IV siglos, Gabriela Bardi realizar\u00e1 una conferencia de prensa para explicar el estado de la causa abierta por el crimen de su hija, Lujan Aguirre, y convocar al conjunto de la poblaci\u00f3n a una marcha de antorchas para continuar exigiendo justicia por Lujan. Dicha marcha se realizar\u00e1 el pr\u00f3ximo lunes 18, concentrando desde las 19:00 hs en la explanada del cabildo hist\u00f3rico para marchar a las 19:30 hs.<\/p>\n\n\n\n<p>Para ahondar sobre las razones de la convocatoria, Gabriela Bardi explic\u00f3: \u201cSe acaban de cumplir dos meses del accidente en donde le arrebataron la vida a mi hija. Hasta el momento la justicia no ha admitido el cambio de car\u00e1tula, de homicidio culposo a homicidio simple, que exigimos porque los j\u00f3venes Dimitr\u00f3pulos y Mulki eran perfectamente conscientes de la ilegalidad de sus actos y del riesgo al que expusieron a todos los que viajaban en su veh\u00edculo. Estamos a la espera de los peritajes sobre su ADN, solicitamos la m\u00e1xima celeridad del proceso junto con el cambio de car\u00e1tula y exigimos se investigue a los responsables del encubrimiento inicial que hubo sobre este crimen ya que fui informada 8 horas despu\u00e9s del siniestro, tiempo suficiente para alterar las pruebas.<\/p>\n\n\n\n<p>Por eso convocamos a toda la poblaci\u00f3n y a quien desee sumarse a esta lucha a una nueva manifestaci\u00f3n que llevaremos a cabo este lunes en donde llevaremos velas encendidas. No voy a parar hasta que se haga justicia contra estos hijos del poder.\u201d<\/p>\n","protected":false},"excerpt":{"rendered":"<p>Este viernes 15 de octubre, a hs 11:00 en la plazoleta IV siglos, Gabriela Bardi realizar\u00e1 una conferencia de prensa para explicar el estado de la causa abierta por el crimen de su hija, Lujan Aguirre, y convocar al conjunto de la poblaci\u00f3n a una marcha de antorchas para continuar exigiendo justicia por Lujan. Dicha [&hellip;]<\/p>\n","protected":false},"author":2,"featured_media":28790,"comment_status":"open","ping_status":"open","sticky":false,"template":"","format":"standard","meta":{"tdm_status":"","tdm_grid_status":"","_joinchat":[],"footnotes":""},"categories":[73],"tags":[],"class_list":{"0":"post-28789","1":"post","2":"type-post","3":"status-publish","4":"format-standard","5":"has-post-thumbnail","7":"category-noticias-general"},"amp_enabled":true,"_links":{"self":[{"href":"https:\/\/www.todoeldia.com\/index.php\/wp-json\/wp\/v2\/posts\/28789","targetHints":{"allow":["GET"]}}],"collection":[{"href":"https:\/\/www.todoeldia.com\/index.php\/wp-json\/wp\/v2\/posts"}],"about":[{"href":"https:\/\/www.todoeldia.com\/index.php\/wp-json\/wp\/v2\/types\/post"}],"author":[{"embeddable":true,"href":"https:\/\/www.todoeldia.com\/index.php\/wp-json\/wp\/v2\/users\/2"}],"replies":[{"embeddable":true,"href":"https:\/\/www.todoeldia.com\/index.php\/wp-json\/wp\/v2\/comments?post=28789"}],"version-history":[{"count":1,"href":"https:\/\/www.todoeldia.com\/index.php\/wp-json\/wp\/v2\/posts\/28789\/revisions"}],"predecessor-version":[{"id":28791,"href":"https:\/\/www.todoeldia.com\/index.php\/wp-json\/wp\/v2\/posts\/28789\/revisions\/28791"}],"wp:featuredmedia":[{"embeddable":true,"href":"https:\/\/www.todoeldia.com\/index.php\/wp-json\/wp\/v2\/media\/28790"}],"wp:attachment":[{"href":"https:\/\/www.todoeldia.com\/index.php\/wp-json\/wp\/v2\/media?parent=28789"}],"wp:term":[{"taxonomy":"category","embeddable":true,"href":"https:\/\/www.todoeldia.com\/index.php\/wp-json\/wp\/v2\/categories?post=28789"},{"taxonomy":"post_tag","embeddable":true,"href":"https:\/\/www.todoeldia.com\/index.php\/wp-json\/wp\/v2\/tags?post=28789"}],"curies":[{"name":"wp","href":"https:\/\/api.w.org\/{rel}","templated":true}]}}