{"id":28792,"date":"2021-10-15T10:13:04","date_gmt":"2021-10-15T13:13:04","guid":{"rendered":"https:\/\/www.todoeldia.com\/?p=28792"},"modified":"2021-10-15T10:13:06","modified_gmt":"2021-10-15T13:13:06","slug":"asi-cayo-en-salta-el-asesino-tucumano-fugado-del-cuartel-de-bomberos","status":"publish","type":"post","link":"https:\/\/www.todoeldia.com\/index.php\/2021\/10\/15\/asi-cayo-en-salta-el-asesino-tucumano-fugado-del-cuartel-de-bomberos\/","title":{"rendered":"As\u00ed cay\u00f3 en Salta el asesino tucumano fugado del cuartel de bomberos"},"content":{"rendered":"\n<p>Roberto Rejas estaba oculto en un camping salte\u00f1o y se hac\u00eda pasar por un estudiante juje\u00f1o con un nombre falso.<\/p>\n\n\n\n<p>Despu\u00e9s de 17 d\u00edas pr\u00f3fugo, detuvieron a Roberto Rejas en la provincia de Salta. El hombre condenado a prisi\u00f3n perpetua por los cr\u00edmenes de Milagros Avellaneda y de su hijo Benicio hab\u00eda encontrado refugio en un camping, usaba siempre barbijo, se hac\u00eda llamar Leo y dec\u00eda ser un estudiante juje\u00f1o que necesitaba paz para preparar un examen.<\/p>\n\n\n\n<p>Una voz masculina del otro lado de la l\u00ednea telef\u00f3nica empez\u00f3 a gestar ayer a las 16.15 la ca\u00edda el exguardiac\u00e1rcel que el 27 de septiembre pasado se escap\u00f3 del Cuartel de Bomberos donde cumpl\u00eda la prisi\u00f3n preventiva hasta que su sentencia quedara firme. Enseguida, los funcionarios del Ministerio P\u00fablico Fiscal se comunicaron con la polic\u00eda de la provincia vecina y tras un operativo de dos horas confirmaron el dato: Rejas estaba alojado en el hospedaje \u201cMi Tata\u201d de la localidad de Cabra Corral. A las 18.15, el pr\u00f3fugo volv\u00eda a estar esposado.<\/p>\n\n\n\n<figure class=\"wp-block-image size-large\"><img loading=\"lazy\" decoding=\"async\" width=\"1024\" height=\"581\" src=\"https:\/\/www.todoeldia.com\/wp-content\/uploads\/2021\/10\/hospedaje-el-tata-cabra-corral-1024x581.jpg\" alt=\"\" class=\"wp-image-28794\" srcset=\"https:\/\/www.todoeldia.com\/wp-content\/uploads\/2021\/10\/hospedaje-el-tata-cabra-corral-1024x581.jpg 1024w, https:\/\/www.todoeldia.com\/wp-content\/uploads\/2021\/10\/hospedaje-el-tata-cabra-corral-300x170.jpg 300w, https:\/\/www.todoeldia.com\/wp-content\/uploads\/2021\/10\/hospedaje-el-tata-cabra-corral-768x436.jpg 768w, https:\/\/www.todoeldia.com\/wp-content\/uploads\/2021\/10\/hospedaje-el-tata-cabra-corral-696x395.jpg 696w, https:\/\/www.todoeldia.com\/wp-content\/uploads\/2021\/10\/hospedaje-el-tata-cabra-corral-1068x606.jpg 1068w, https:\/\/www.todoeldia.com\/wp-content\/uploads\/2021\/10\/hospedaje-el-tata-cabra-corral-740x420.jpg 740w, https:\/\/www.todoeldia.com\/wp-content\/uploads\/2021\/10\/hospedaje-el-tata-cabra-corral.jpg 1440w\" sizes=\"auto, (max-width: 1024px) 100vw, 1024px\" \/><figcaption>Hospedaje &#8220;El Tata&#8221; donde se ocultaba el asesino<\/figcaption><\/figure>\n\n\n\n<p>Seg\u00fan trascendi\u00f3, el femicida no se resisti\u00f3 cuando la polic\u00eda ingres\u00f3 este jueves a las instalaciones a buscarlo. La sorpresa se la llev\u00f3 el due\u00f1o del camping, Dardo Verch\u00e1n, quien ni siquiera sab\u00eda cu\u00e1l era el verdadero nombre de ese joven que se hab\u00eda ofrecido a lavar las lanchas como una suerte de \u201cchanga\u201d a cambio de alojamiento.<\/p>\n\n\n\n<p>En di\u00e1logo con Contexto Tucum\u00e1n, el encargado del lugar cont\u00f3 que tres personas se hab\u00edan presentado hace 13 d\u00edas para pasar la noche, pero dejaron pago un hospedaje para cuatro. Al d\u00eda siguiente fue cuando lleg\u00f3 Rejas y los otros se fueron, supuestamente, para que \u201cLeo\u201d pudiera concentrarse en estudiar para sus ex\u00e1menes.<\/p>\n\n\n\n<p>As\u00ed, ya se determin\u00f3 que el recapturado tuvo por lo menos tres c\u00f3mplices que lo ayudaron a mantenerse en la clandestinidad, aunque por el momento la \u00fanica persona que est\u00e1 detenida sospechada por ese delito es su novia, Patricia G\u00f3mez. Rejas pas\u00f3 la noche en la comisar\u00eda de Moldes y durante el d\u00eda de hoy est\u00e1 previsto que sea trasladado de nuevo a Tucum\u00e1n, donde en principio quedar\u00eda alojado en la Alcald\u00eda de la Ciudad Judicial.<\/p>\n\n\n\n<p>\u201cMi lucha no fue en vano, la lucha de la fiscal Mar\u00eda del Carmen de Reuter investigando durante a\u00f1os no fue en vano, no pod\u00eda ser que esta lucha sea tirada por la borda\u201d, expres\u00f3 emocionada Amalia Ojeda, mam\u00e1 de Milagros Avellaneda y abuela de Benicio, tras conocer la noticia.<\/p>\n\n\n\n<p>Y agreg\u00f3: \u201cEste 28 se van a cumplir cinco a\u00f1os de la desaparici\u00f3n y muerte de Benicio y de Milagros, y en memoria de ellos vamos a concentrar fuertemente: no s\u00e9 en qu\u00e9 lugar todav\u00eda, pero lo vamos a hacer\u201d.<\/p>\n\n\n\n<p>La recompensa<\/p>\n\n\n\n<figure class=\"wp-block-image size-large\"><img loading=\"lazy\" decoding=\"async\" width=\"1024\" height=\"638\" src=\"https:\/\/www.todoeldia.com\/wp-content\/uploads\/2021\/10\/asesino-tucumano-antes-de-escuchar-el-veredicto-1024x638.jpg\" alt=\"\" class=\"wp-image-28795\" srcset=\"https:\/\/www.todoeldia.com\/wp-content\/uploads\/2021\/10\/asesino-tucumano-antes-de-escuchar-el-veredicto-1024x638.jpg 1024w, https:\/\/www.todoeldia.com\/wp-content\/uploads\/2021\/10\/asesino-tucumano-antes-de-escuchar-el-veredicto-300x187.jpg 300w, https:\/\/www.todoeldia.com\/wp-content\/uploads\/2021\/10\/asesino-tucumano-antes-de-escuchar-el-veredicto-768x478.jpg 768w, https:\/\/www.todoeldia.com\/wp-content\/uploads\/2021\/10\/asesino-tucumano-antes-de-escuchar-el-veredicto-696x434.jpg 696w, https:\/\/www.todoeldia.com\/wp-content\/uploads\/2021\/10\/asesino-tucumano-antes-de-escuchar-el-veredicto-1068x665.jpg 1068w, https:\/\/www.todoeldia.com\/wp-content\/uploads\/2021\/10\/asesino-tucumano-antes-de-escuchar-el-veredicto-674x420.jpg 674w, https:\/\/www.todoeldia.com\/wp-content\/uploads\/2021\/10\/asesino-tucumano-antes-de-escuchar-el-veredicto.jpg 1440w\" sizes=\"auto, (max-width: 1024px) 100vw, 1024px\" \/><figcaption>Roberto Rejas, antes de escuchar el veredicto que lo conden\u00f3 a perpetua<\/figcaption><\/figure>\n\n\n\n<p>Tras la fuga de Roberto Rejas, el Gobierno provincial hab\u00eda ofrecido $ 2 millones de recompensa por datos que sirvan para dar con su paradero.<\/p>\n\n\n\n<p>A esta cifra se le sum\u00f3 despu\u00e9s una segunda recompensa, de $ 3 millones, ofrecida por el abogado Alfredo Aydar.<\/p>\n\n\n\n<p>Ahora, se estima que la persona que llam\u00f3 ayer al Equipo Cient\u00edfico de Investigaciones Fiscales del Ministerio P\u00fablico Fiscal (MPF) para advertir que el pr\u00f3fugo se encontrar\u00eda en una localidad de Salta ser\u00e1 quien se haga acreedora de los $ 5 millones.<\/p>\n\n\n\n<p>El caso y la condena<\/p>\n\n\n\n<p>El 22 de septiembre pasado, a cinco a\u00f1os del doble crimen de Milagros Avellaneda y su hijo Benicio, Rejas fue condenado a prisi\u00f3n perpetua por los delitos de \u201chomicidio agravado por violencia de g\u00e9nero y alevos\u00eda\u201d, y qued\u00f3 con prisi\u00f3n preventiva por seis meses hasta que la sentencia quede firme. El fallo de primera instancia aclar\u00f3 que si el condenado decidiera aportar datos acerca de d\u00f3nde se encuentran los cuerpos de la mujer y el beb\u00e9, se reconsiderar\u00e1 la pena impuesta.<\/p>\n\n\n\n<p>De acuerdo con la investigaci\u00f3n del caso, Milagros y Benicio fueron vistos por \u00faltima vez el 28 de octubre de 2016 cuando salieron de su casa, ubicada en el Barrio Lola Mora, de la capital tucumana, donde ambos viv\u00edan junto a otro hijo de la mujer y a Ojeda, abuela de los menores.<\/p>\n\n\n\n<p>Seg\u00fan se determin\u00f3 en la causa, madre e hijo estuvieron en la zona del Parque 9 de Julio a bordo del auto de Rejas, a quien la mujer le reclamaba que reconociera al chico como propio. En ese momento, Milagros le envi\u00f3 mensajes a una amiga, en los que le manifestaba que Rejas la estaba golpeando.<\/p>\n\n\n\n<p>Esa fue la \u00faltima actividad que se registr\u00f3 en el celular de la joven, quien al igual que el ni\u00f1o perdi\u00f3 desde ese d\u00eda contacto con todos sus allegados. Para los investigadores fue en ese momento en el que el ahora condenado los asesin\u00f3 e hizo desaparecer los cuerpos<\/p>\n","protected":false},"excerpt":{"rendered":"<p>Roberto Rejas estaba oculto en un camping salte\u00f1o y se hac\u00eda pasar por un estudiante juje\u00f1o con un nombre falso. Despu\u00e9s de 17 d\u00edas pr\u00f3fugo, detuvieron a Roberto Rejas en la provincia de Salta. El hombre condenado a prisi\u00f3n perpetua por los cr\u00edmenes de Milagros Avellaneda y de su hijo Benicio hab\u00eda encontrado refugio en [&hellip;]<\/p>\n","protected":false},"author":2,"featured_media":28793,"comment_status":"open","ping_status":"open","sticky":false,"template":"","format":"standard","meta":{"tdm_status":"","tdm_grid_status":"","_joinchat":[],"footnotes":""},"categories":[73],"tags":[],"class_list":{"0":"post-28792","1":"post","2":"type-post","3":"status-publish","4":"format-standard","5":"has-post-thumbnail","7":"category-noticias-general"},"amp_enabled":true,"_links":{"self":[{"href":"https:\/\/www.todoeldia.com\/index.php\/wp-json\/wp\/v2\/posts\/28792","targetHints":{"allow":["GET"]}}],"collection":[{"href":"https:\/\/www.todoeldia.com\/index.php\/wp-json\/wp\/v2\/posts"}],"about":[{"href":"https:\/\/www.todoeldia.com\/index.php\/wp-json\/wp\/v2\/types\/post"}],"author":[{"embeddable":true,"href":"https:\/\/www.todoeldia.com\/index.php\/wp-json\/wp\/v2\/users\/2"}],"replies":[{"embeddable":true,"href":"https:\/\/www.todoeldia.com\/index.php\/wp-json\/wp\/v2\/comments?post=28792"}],"version-history":[{"count":1,"href":"https:\/\/www.todoeldia.com\/index.php\/wp-json\/wp\/v2\/posts\/28792\/revisions"}],"predecessor-version":[{"id":28796,"href":"https:\/\/www.todoeldia.com\/index.php\/wp-json\/wp\/v2\/posts\/28792\/revisions\/28796"}],"wp:featuredmedia":[{"embeddable":true,"href":"https:\/\/www.todoeldia.com\/index.php\/wp-json\/wp\/v2\/media\/28793"}],"wp:attachment":[{"href":"https:\/\/www.todoeldia.com\/index.php\/wp-json\/wp\/v2\/media?parent=28792"}],"wp:term":[{"taxonomy":"category","embeddable":true,"href":"https:\/\/www.todoeldia.com\/index.php\/wp-json\/wp\/v2\/categories?post=28792"},{"taxonomy":"post_tag","embeddable":true,"href":"https:\/\/www.todoeldia.com\/index.php\/wp-json\/wp\/v2\/tags?post=28792"}],"curies":[{"name":"wp","href":"https:\/\/api.w.org\/{rel}","templated":true}]}}