{"id":28797,"date":"2021-10-15T21:26:41","date_gmt":"2021-10-16T00:26:41","guid":{"rendered":"https:\/\/www.todoeldia.com\/?p=28797"},"modified":"2021-10-15T21:26:43","modified_gmt":"2021-10-16T00:26:43","slug":"salta-1-muerto-y-70-contagios","status":"publish","type":"post","link":"https:\/\/www.todoeldia.com\/index.php\/2021\/10\/15\/salta-1-muerto-y-70-contagios\/","title":{"rendered":"Salta 1 muerto y 70 contagios"},"content":{"rendered":"\n<p>El Ministerio de Salud P\u00fablica inform\u00f3 que, en las \u00faltimas 24 horas, se notific\u00f3 el fallecimiento de una persona y 70 casos nuevos en la provincia.<\/p>\n\n\n\n<p>Desde el inicio de la pandemia, en la Provincia suman 85.608 los casos confirmados, de los cuales ya se han recuperado 81.301, lo que representa el 95%.<\/p>\n\n\n\n<p>Hay 77 pacientes internados en unidades de terapia intensiva y 30 con asistencia respiratoria mec\u00e1nica.<\/p>\n\n\n\n<p>A la fecha, los decesos por COVID-19 en Salta suman 2644.<\/p>\n\n\n\n<figure class=\"wp-block-table\"><table><tbody><tr><td><strong>Casos COVID-19 de residentes en la Provincia de Salta<\/strong><\/td><\/tr><tr><td><strong>Departamento<\/strong><\/td><td><strong>Casos notificados&nbsp;<\/strong><\/td><td><strong>Total de casos notificados a\u00f1o 2021<\/strong><\/td><td><strong>Total de casos acumulados<\/strong><\/td><\/tr><tr><td>Anta<\/td><td>0<\/td><td>3787<\/td><td>4479<\/td><\/tr><tr><td>Cachi<\/td><td>3<\/td><td>676<\/td><td>764<\/td><\/tr><tr><td>Cafayate<\/td><td>1<\/td><td>1492<\/td><td>2074<\/td><\/tr><tr><td>Capital<\/td><td>33<\/td><td>32068<\/td><td>42612<\/td><\/tr><tr><td>Cerrillos<\/td><td>0<\/td><td>2035<\/td><td>3011<\/td><\/tr><tr><td>Chicoana<\/td><td>2<\/td><td>1384<\/td><td>1704<\/td><\/tr><tr><td>Gral. G\u00fcemes<\/td><td>2<\/td><td>1582<\/td><td>2768<\/td><\/tr><tr><td>Gral. San Mart\u00edn<\/td><td>16<\/td><td>3506<\/td><td>5625<\/td><\/tr><tr><td>Guachipas<\/td><td>0<\/td><td>204<\/td><td>244<\/td><\/tr><tr><td>Iruya&nbsp;<\/td><td>0<\/td><td>460<\/td><td>580<\/td><\/tr><tr><td>La Caldera<\/td><td>2<\/td><td>982<\/td><td>1225<\/td><\/tr><tr><td>La Candelaria<\/td><td>1<\/td><td>504<\/td><td>538<\/td><\/tr><tr><td>La Poma<\/td><td>0<\/td><td>70<\/td><td>105<\/td><\/tr><tr><td>La Vi\u00f1a<\/td><td>2<\/td><td>706<\/td><td>928<\/td><\/tr><tr><td>Los Andes<\/td><td>0<\/td><td>357<\/td><td>587<\/td><\/tr><tr><td>Met\u00e1n<\/td><td>4<\/td><td>3260<\/td><td>3796<\/td><\/tr><tr><td>Molinos<\/td><td>0<\/td><td>565<\/td><td>632<\/td><\/tr><tr><td>Or\u00e1n<\/td><td>2<\/td><td>3072<\/td><td>5621<\/td><\/tr><tr><td>Rivadavia<\/td><td>0<\/td><td>1257<\/td><td>1495<\/td><\/tr><tr><td>Rosario de la Frontera<\/td><td>0<\/td><td>2165<\/td><td>2385<\/td><\/tr><tr><td>Rosario de Lerma<\/td><td>0<\/td><td>2027<\/td><td>2911<\/td><\/tr><tr><td>San Carlos<\/td><td>1<\/td><td>600<\/td><td>760<\/td><\/tr><tr><td>Santa Victoria<\/td><td>1<\/td><td>716<\/td><td>764<\/td><\/tr><tr><td><strong>TOTAL<\/strong><\/td><td><strong>70<\/strong><\/td><td><strong>63475<\/strong><\/td><td><strong>85608<\/strong><\/td><\/tr><\/tbody><\/table><\/figure>\n","protected":false},"excerpt":{"rendered":"<p>El Ministerio de Salud P\u00fablica inform\u00f3 que, en las \u00faltimas 24 horas, se notific\u00f3 el fallecimiento de una persona y 70 casos nuevos en la provincia. Desde el inicio de la pandemia, en la Provincia suman 85.608 los casos confirmados, de los cuales ya se han recuperado 81.301, lo que representa el 95%. Hay 77 [&hellip;]<\/p>\n","protected":false},"author":2,"featured_media":28798,"comment_status":"open","ping_status":"open","sticky":false,"template":"","format":"standard","meta":{"tdm_status":"","tdm_grid_status":"","_joinchat":[],"footnotes":""},"categories":[65],"tags":[],"class_list":{"0":"post-28797","1":"post","2":"type-post","3":"status-publish","4":"format-standard","5":"has-post-thumbnail","7":"category-coronavirus"},"amp_enabled":true,"_links":{"self":[{"href":"https:\/\/www.todoeldia.com\/index.php\/wp-json\/wp\/v2\/posts\/28797","targetHints":{"allow":["GET"]}}],"collection":[{"href":"https:\/\/www.todoeldia.com\/index.php\/wp-json\/wp\/v2\/posts"}],"about":[{"href":"https:\/\/www.todoeldia.com\/index.php\/wp-json\/wp\/v2\/types\/post"}],"author":[{"embeddable":true,"href":"https:\/\/www.todoeldia.com\/index.php\/wp-json\/wp\/v2\/users\/2"}],"replies":[{"embeddable":true,"href":"https:\/\/www.todoeldia.com\/index.php\/wp-json\/wp\/v2\/comments?post=28797"}],"version-history":[{"count":1,"href":"https:\/\/www.todoeldia.com\/index.php\/wp-json\/wp\/v2\/posts\/28797\/revisions"}],"predecessor-version":[{"id":28799,"href":"https:\/\/www.todoeldia.com\/index.php\/wp-json\/wp\/v2\/posts\/28797\/revisions\/28799"}],"wp:featuredmedia":[{"embeddable":true,"href":"https:\/\/www.todoeldia.com\/index.php\/wp-json\/wp\/v2\/media\/28798"}],"wp:attachment":[{"href":"https:\/\/www.todoeldia.com\/index.php\/wp-json\/wp\/v2\/media?parent=28797"}],"wp:term":[{"taxonomy":"category","embeddable":true,"href":"https:\/\/www.todoeldia.com\/index.php\/wp-json\/wp\/v2\/categories?post=28797"},{"taxonomy":"post_tag","embeddable":true,"href":"https:\/\/www.todoeldia.com\/index.php\/wp-json\/wp\/v2\/tags?post=28797"}],"curies":[{"name":"wp","href":"https:\/\/api.w.org\/{rel}","templated":true}]}}