{"id":30262,"date":"2021-11-11T14:55:12","date_gmt":"2021-11-11T17:55:12","guid":{"rendered":"https:\/\/www.todoeldia.com\/?p=30262"},"modified":"2021-11-11T14:56:20","modified_gmt":"2021-11-11T17:56:20","slug":"seria-del-joven-desaparecido-el-cuerpo-encontrado-en-las-afueras-de-metan","status":"publish","type":"post","link":"https:\/\/www.todoeldia.com\/index.php\/2021\/11\/11\/seria-del-joven-desaparecido-el-cuerpo-encontrado-en-las-afueras-de-metan\/","title":{"rendered":"Ser\u00eda del joven desaparecido el cad\u00e1ver encontrado en las afueras de Met\u00e1n"},"content":{"rendered":"\n<p>Ocurri\u00f3 durante la ma\u00f1ana de este jueves en las afueras de la ciudad de Met\u00e1n, en proximidades del r\u00edo de las Conchas. El cuerpo pertenece a un hombre y se trabaja en su identificaci\u00f3n.<\/p>\n\n\n\n<p>El fiscal penal 2 de Met\u00e1n, Gonzalo G\u00f3mez Amado, investiga el hallazgo de un cuerpo en proximidades del r\u00edo de las Conchas, en las afueras de esa ciudad.<\/p>\n\n\n\n<p>El hallazgo se produjo durante la ma\u00f1ana de este jueves y fue reportado por un lugare\u00f1o, que transitaba por el lugar.<\/p>\n\n\n\n<p>G\u00f3mez Amado se constituy\u00f3 en el lugar y dispuso el trabajo de la Polic\u00eda Cient\u00edfica, que realiz\u00f3 las pericias de rigor.<\/p>\n\n\n\n<p>El fiscal se\u00f1al\u00f3 que de los primeros indicios recogidos, se presume que podr\u00eda tratarse de un joven de 19 a\u00f1os que fue reportado como desaparecido el pasado 29 de octubre.<\/p>\n\n\n\n<p>Se dispuso la realizaci\u00f3n de la autopsia que permitir\u00e1 confirmar la data y causa del deceso.<\/p>\n","protected":false},"excerpt":{"rendered":"<p>Ocurri\u00f3 durante la ma\u00f1ana de este jueves en las afueras de la ciudad de Met\u00e1n, en proximidades del r\u00edo de las Conchas. El cuerpo pertenece a un hombre y se trabaja en su identificaci\u00f3n. El fiscal penal 2 de Met\u00e1n, Gonzalo G\u00f3mez Amado, investiga el hallazgo de un cuerpo en proximidades del r\u00edo de las [&hellip;]<\/p>\n","protected":false},"author":2,"featured_media":30263,"comment_status":"open","ping_status":"open","sticky":false,"template":"","format":"standard","meta":{"tdm_status":"","tdm_grid_status":"","_joinchat":[],"footnotes":""},"categories":[63],"tags":[],"class_list":{"0":"post-30262","1":"post","2":"type-post","3":"status-publish","4":"format-standard","5":"has-post-thumbnail","7":"category-policiales"},"amp_enabled":true,"_links":{"self":[{"href":"https:\/\/www.todoeldia.com\/index.php\/wp-json\/wp\/v2\/posts\/30262","targetHints":{"allow":["GET"]}}],"collection":[{"href":"https:\/\/www.todoeldia.com\/index.php\/wp-json\/wp\/v2\/posts"}],"about":[{"href":"https:\/\/www.todoeldia.com\/index.php\/wp-json\/wp\/v2\/types\/post"}],"author":[{"embeddable":true,"href":"https:\/\/www.todoeldia.com\/index.php\/wp-json\/wp\/v2\/users\/2"}],"replies":[{"embeddable":true,"href":"https:\/\/www.todoeldia.com\/index.php\/wp-json\/wp\/v2\/comments?post=30262"}],"version-history":[{"count":3,"href":"https:\/\/www.todoeldia.com\/index.php\/wp-json\/wp\/v2\/posts\/30262\/revisions"}],"predecessor-version":[{"id":30267,"href":"https:\/\/www.todoeldia.com\/index.php\/wp-json\/wp\/v2\/posts\/30262\/revisions\/30267"}],"wp:featuredmedia":[{"embeddable":true,"href":"https:\/\/www.todoeldia.com\/index.php\/wp-json\/wp\/v2\/media\/30263"}],"wp:attachment":[{"href":"https:\/\/www.todoeldia.com\/index.php\/wp-json\/wp\/v2\/media?parent=30262"}],"wp:term":[{"taxonomy":"category","embeddable":true,"href":"https:\/\/www.todoeldia.com\/index.php\/wp-json\/wp\/v2\/categories?post=30262"},{"taxonomy":"post_tag","embeddable":true,"href":"https:\/\/www.todoeldia.com\/index.php\/wp-json\/wp\/v2\/tags?post=30262"}],"curies":[{"name":"wp","href":"https:\/\/api.w.org\/{rel}","templated":true}]}}