{"id":31132,"date":"2021-11-29T12:55:08","date_gmt":"2021-11-29T15:55:08","guid":{"rendered":"https:\/\/www.todoeldia.com\/?p=31132"},"modified":"2021-11-29T12:55:14","modified_gmt":"2021-11-29T15:55:14","slug":"yasi-descubrio-15-kilos-de-cocaina-en-camion-que-salio-de-saravia-con-verduras","status":"publish","type":"post","link":"https:\/\/www.todoeldia.com\/index.php\/2021\/11\/29\/yasi-descubrio-15-kilos-de-cocaina-en-camion-que-salio-de-saravia-con-verduras\/","title":{"rendered":"\u201cYasi\u201d descubri\u00f3 15 kilos de coca\u00edna en cami\u00f3n que sali\u00f3 de Saravia con verduras"},"content":{"rendered":"\n<p>El conductor qued\u00f3 detenido en infracci\u00f3n a la Ley 23.737.<\/p>\n\n\n\n<p>La reacci\u00f3n del can antinarc\u00f3ticos \u201cYasi\u201d permiti\u00f3 que los uniformados detectaran el estupefaciente dentro de la cabina del transporte, como as\u00ed tambi\u00e9n en un doble fondo ubicado sobre los paneles y techo de la misma.<\/p>\n\n\n\n<figure class=\"wp-block-embed is-type-rich is-provider-twitter wp-block-embed-twitter\"><div class=\"wp-block-embed__wrapper\">\n<blockquote class=\"twitter-tweet\" data-width=\"550\" data-dnt=\"true\"><p lang=\"es\" dir=\"ltr\">\u2b55\ufe0f Operativo en <a href=\"https:\/\/twitter.com\/hashtag\/SantiagodelEstero?src=hash&amp;ref_src=twsrc%5Etfw\">#SantiagodelEstero<\/a><br>Conductor de un ? de verduras qued\u00f3 detenido por transportar 15 kilos de coca\u00edna. <br>La reacci\u00f3n de \u201cYasi\u201d ? permiti\u00f3 que los <a href=\"https:\/\/twitter.com\/hashtag\/gendarmes?src=hash&amp;ref_src=twsrc%5Etfw\">#gendarmes<\/a> detectaran el estupefaciente dentro de la cabina y en un doble fondo ubicado sobre los paneles y techo. <a href=\"https:\/\/t.co\/R0nJ10qowU\">pic.twitter.com\/R0nJ10qowU<\/a><\/p>&mdash; Gendarmer\u00eda Nacional (@gendarmeria) <a href=\"https:\/\/twitter.com\/gendarmeria\/status\/1465336202974871553?ref_src=twsrc%5Etfw\">November 29, 2021<\/a><\/blockquote><script async src=\"https:\/\/platform.twitter.com\/widgets.js\" charset=\"utf-8\"><\/script>\n<\/div><\/figure>\n\n\n\n<p>Ayer, personal dependiente del Escuadr\u00f3n 59 \u201cSantiago del Estero\u201d, desplegado a la altura de la localidad de Las Tijeras, sobre el kil\u00f3metro 734 de la Ruta Nacional N\u00b0 34, intercept\u00f3 un cami\u00f3n con acoplado que trasladaba cajones y bolsas de verduras desde la ciudad salte\u00f1a de Apolinario Saravia hacia la ciudad santiague\u00f1a de Banda.<\/p>\n\n\n\n<p>Tras recibir una alerta acerca de una causa judicial existente en infracci\u00f3n a la Ley N\u00b0 23.737 que involucrar\u00eda al cami\u00f3n, los gendarmes procedieron a llevar a cabo una requisa m\u00e1s exhaustiva del transporte con la asistencia del can detector de narc\u00f3ticos \u201cYasi\u201d, el cual marc\u00f3 la presencia de estupefaciente en el sector de la cabina, donde se hallaron nueve paquetes rectangulares que conten\u00edan una sustancia polvorienta blancuzca.<\/p>\n\n\n\n<p>Ante este hecho, los uniformados dieron intervenci\u00f3n al Juzgado Federal N\u00b01 de Santiago del Estero, el cual dispuso profundizar el registro de la carga y del transporte en el asiento de la Unidad. Como resultado, los funcionarios detectaron un doble fondo en los paneles y techo de la cabina, donde se ocultaban otros seis paquetes.<\/p>\n\n\n\n<p>Efectivos de Criminal\u00edstica y Estudios Forenses confirmaron que la sustancia hallada dentro de los 15 \u201cladrillos\u201d correspond\u00eda a coca\u00edna, arrojando un peso total de 15 kilos 701 gramos, los cuales fueron decomisados por orden del Magistrado interviniente, quien orient\u00f3 adem\u00e1s el secuestro del veh\u00edculo y la detenci\u00f3n del conductor.<\/p>\n","protected":false},"excerpt":{"rendered":"<p>El conductor qued\u00f3 detenido en infracci\u00f3n a la Ley 23.737. La reacci\u00f3n del can antinarc\u00f3ticos \u201cYasi\u201d permiti\u00f3 que los uniformados detectaran el estupefaciente dentro de la cabina del transporte, como as\u00ed tambi\u00e9n en un doble fondo ubicado sobre los paneles y techo de la misma. Ayer, personal dependiente del Escuadr\u00f3n 59 \u201cSantiago del Estero\u201d, desplegado [&hellip;]<\/p>\n","protected":false},"author":2,"featured_media":31133,"comment_status":"open","ping_status":"open","sticky":false,"template":"","format":"standard","meta":{"tdm_status":"","tdm_grid_status":"","_joinchat":[],"footnotes":""},"categories":[73],"tags":[],"class_list":{"0":"post-31132","1":"post","2":"type-post","3":"status-publish","4":"format-standard","5":"has-post-thumbnail","7":"category-noticias-general"},"amp_enabled":true,"_links":{"self":[{"href":"https:\/\/www.todoeldia.com\/index.php\/wp-json\/wp\/v2\/posts\/31132","targetHints":{"allow":["GET"]}}],"collection":[{"href":"https:\/\/www.todoeldia.com\/index.php\/wp-json\/wp\/v2\/posts"}],"about":[{"href":"https:\/\/www.todoeldia.com\/index.php\/wp-json\/wp\/v2\/types\/post"}],"author":[{"embeddable":true,"href":"https:\/\/www.todoeldia.com\/index.php\/wp-json\/wp\/v2\/users\/2"}],"replies":[{"embeddable":true,"href":"https:\/\/www.todoeldia.com\/index.php\/wp-json\/wp\/v2\/comments?post=31132"}],"version-history":[{"count":1,"href":"https:\/\/www.todoeldia.com\/index.php\/wp-json\/wp\/v2\/posts\/31132\/revisions"}],"predecessor-version":[{"id":31134,"href":"https:\/\/www.todoeldia.com\/index.php\/wp-json\/wp\/v2\/posts\/31132\/revisions\/31134"}],"wp:featuredmedia":[{"embeddable":true,"href":"https:\/\/www.todoeldia.com\/index.php\/wp-json\/wp\/v2\/media\/31133"}],"wp:attachment":[{"href":"https:\/\/www.todoeldia.com\/index.php\/wp-json\/wp\/v2\/media?parent=31132"}],"wp:term":[{"taxonomy":"category","embeddable":true,"href":"https:\/\/www.todoeldia.com\/index.php\/wp-json\/wp\/v2\/categories?post=31132"},{"taxonomy":"post_tag","embeddable":true,"href":"https:\/\/www.todoeldia.com\/index.php\/wp-json\/wp\/v2\/tags?post=31132"}],"curies":[{"name":"wp","href":"https:\/\/api.w.org\/{rel}","templated":true}]}}