{"id":31135,"date":"2021-11-29T13:02:41","date_gmt":"2021-11-29T16:02:41","guid":{"rendered":"https:\/\/www.todoeldia.com\/?p=31135"},"modified":"2021-11-29T13:02:45","modified_gmt":"2021-11-29T16:02:45","slug":"atacaron-la-comisaria-donde-estan-detenidas-la-madre-y-la-pareja-del-nene-asesinado-en-la-pampa","status":"publish","type":"post","link":"https:\/\/www.todoeldia.com\/index.php\/2021\/11\/29\/atacaron-la-comisaria-donde-estan-detenidas-la-madre-y-la-pareja-del-nene-asesinado-en-la-pampa\/","title":{"rendered":"Atacaron la comisar\u00eda donde est\u00e1n detenidas la madre y la pareja del nene asesinado en La Pampa"},"content":{"rendered":"\n<p>Vecinos se movilizaron para pedir justicia por Lucio Dupuy, de 5 a\u00f1os. Hubo enfrentamientos entre manifestantes y polic\u00edas.<\/p>\n\n\n\n<p>En medio de disturbios que culminaron con la quema de dos patrulleros, un grupo de vecinos se moviliz\u00f3 este domingo a la comisar\u00eda donde est\u00e1n detenidas la madre de Lucio Dupuy, el ni\u00f1o de cinco a\u00f1os asesinado en La Pampa, y su pareja. Magdalena Esp\u00f3sito Valenti, de 24 a\u00f1os, y su novia, Abigail P\u00e1ez, de 27, est\u00e1n acusadas del asesinato del nene.<\/p>\n\n\n\n<p>Los incidentes se registraron frente a la Comisar\u00eda Sexta de Santa Rosa, donde los manifestantes quemaron patrulleros estacionados y arrojaron piedras hacia la sede policial, inform\u00f3 el diario local La Reforma.<\/p>\n\n\n\n<p>El diario La Arena dijo que son dos los patrulleros incendiados durante los disturbios. Adem\u00e1s los manifestantes realizaron pintadas con aerosol y se rompieron algunos vidrios de la comisar\u00eda por las pedradas.<\/p>\n\n\n\n<p>La polic\u00eda dispar\u00f3 balas de goma para tratar de dispersar a los manifestantes, report\u00f3 el peri\u00f3dico.<\/p>\n\n\n\n<p>El Diario Textual report\u00f3 que un tercer veh\u00edculo particular fue incendiado y afirm\u00f3 que pasadas las 23.00 ambas acusadas fueron trasladadas del lugar.<\/p>\n\n\n\n<p>El jefe de la Unidad Regional I, Guillermo Torres, dijo que en los incidentes \u201chubo v\u00e1ndalos que aprovecharon para hacer saqueos y desmanes\u201d en la zona.<\/p>\n\n\n\n<p>Y a\u00f1adi\u00f3: \u201cEl reclamo es genuino, pero tenemos la obligaci\u00f3n de darles prioridad a todas las personas y bienes del estado, incluidas las detenidas que est\u00e1n alojadas en esta comisar\u00eda. Las tenemos que poner a disposici\u00f3n de la Justicia y garantizar su seguridad\u201d, dijo.<\/p>\n\n\n\n<p>Tras los disturbios, familiares del ni\u00f1o asesinado dijeron que la marcha oficial para pedir justicia se hab\u00eda convocado en la plaza San Mart\u00edn de la capital pampeana y precisaron que se realiz\u00f3 de manera pac\u00edfica. Las personas que generaron los disturbios en la comisar\u00eda sexta ser\u00edan externas a la familia Dupuy y se habr\u00edan \u201cinfiltrado\u201d en la manifestaci\u00f3n, dijo La Arena. Lucio Dupuy muri\u00f3 el s\u00e1bado tras ser trasladado de urgencia por su madre al hospital en medio de fuertes convulsiones. El ni\u00f1o falleci\u00f3 poco despu\u00e9s y, tras la autopsia, los m\u00e9dicos determinaron que su deceso se produjo a causa de politraumatismos que habr\u00edan sido causados por una golpiza.<\/p>\n","protected":false},"excerpt":{"rendered":"<p>Vecinos se movilizaron para pedir justicia por Lucio Dupuy, de 5 a\u00f1os. Hubo enfrentamientos entre manifestantes y polic\u00edas. En medio de disturbios que culminaron con la quema de dos patrulleros, un grupo de vecinos se moviliz\u00f3 este domingo a la comisar\u00eda donde est\u00e1n detenidas la madre de Lucio Dupuy, el ni\u00f1o de cinco a\u00f1os asesinado [&hellip;]<\/p>\n","protected":false},"author":2,"featured_media":31136,"comment_status":"open","ping_status":"open","sticky":false,"template":"","format":"standard","meta":{"tdm_status":"","tdm_grid_status":"","_joinchat":[],"footnotes":""},"categories":[73],"tags":[],"class_list":{"0":"post-31135","1":"post","2":"type-post","3":"status-publish","4":"format-standard","5":"has-post-thumbnail","7":"category-noticias-general"},"amp_enabled":true,"_links":{"self":[{"href":"https:\/\/www.todoeldia.com\/index.php\/wp-json\/wp\/v2\/posts\/31135","targetHints":{"allow":["GET"]}}],"collection":[{"href":"https:\/\/www.todoeldia.com\/index.php\/wp-json\/wp\/v2\/posts"}],"about":[{"href":"https:\/\/www.todoeldia.com\/index.php\/wp-json\/wp\/v2\/types\/post"}],"author":[{"embeddable":true,"href":"https:\/\/www.todoeldia.com\/index.php\/wp-json\/wp\/v2\/users\/2"}],"replies":[{"embeddable":true,"href":"https:\/\/www.todoeldia.com\/index.php\/wp-json\/wp\/v2\/comments?post=31135"}],"version-history":[{"count":1,"href":"https:\/\/www.todoeldia.com\/index.php\/wp-json\/wp\/v2\/posts\/31135\/revisions"}],"predecessor-version":[{"id":31137,"href":"https:\/\/www.todoeldia.com\/index.php\/wp-json\/wp\/v2\/posts\/31135\/revisions\/31137"}],"wp:featuredmedia":[{"embeddable":true,"href":"https:\/\/www.todoeldia.com\/index.php\/wp-json\/wp\/v2\/media\/31136"}],"wp:attachment":[{"href":"https:\/\/www.todoeldia.com\/index.php\/wp-json\/wp\/v2\/media?parent=31135"}],"wp:term":[{"taxonomy":"category","embeddable":true,"href":"https:\/\/www.todoeldia.com\/index.php\/wp-json\/wp\/v2\/categories?post=31135"},{"taxonomy":"post_tag","embeddable":true,"href":"https:\/\/www.todoeldia.com\/index.php\/wp-json\/wp\/v2\/tags?post=31135"}],"curies":[{"name":"wp","href":"https:\/\/api.w.org\/{rel}","templated":true}]}}