{"id":31803,"date":"2021-12-15T10:56:23","date_gmt":"2021-12-15T13:56:23","guid":{"rendered":"https:\/\/www.todoeldia.com\/?p=31803"},"modified":"2021-12-15T10:56:24","modified_gmt":"2021-12-15T13:56:24","slug":"conmovido-y-entre-lagrimas-el-kun-anuncio-su-retiro-del-futbol-se-trata-de-mi-salud","status":"publish","type":"post","link":"https:\/\/www.todoeldia.com\/index.php\/2021\/12\/15\/conmovido-y-entre-lagrimas-el-kun-anuncio-su-retiro-del-futbol-se-trata-de-mi-salud\/","title":{"rendered":"Conmovido y entre l\u00e1grimas, el Kun anunci\u00f3 su retiro del f\u00fatbol: &#8220;Se trata de mi salud&#8221;"},"content":{"rendered":"\n<p>El deportista anunci\u00f3 que deber\u00e1 dejar de jugar al f\u00fatbol tras un problema que le detectaron en el coraz\u00f3n.<\/p>\n\n\n\n<p>Con la mirada agachada y al borde de la l\u00e1grima, Sergio Kun Ag\u00fcero brind\u00f3 esta ma\u00f1ana una conferencia de prensa en la que anunci\u00f3 que dejar\u00e1 el f\u00fatbol profesional debido a un problema de salud que le detectaron en las \u00faltimas semanas.<\/p>\n\n\n\n<p>Casi sin poder hablar, el deportista cont\u00f3 a la prensa que la decisi\u00f3n la tom\u00f3 hace 10 d\u00edas, cuando los m\u00e9dicos que lo tratan le dijeron que lo mejor era parar. \u201cLo ven\u00eda procesando y cuando me llamaron y me dijeron que no iba a poder seguir jugando tard\u00e9 unos d\u00edas m\u00e1s en procesarlo. Igual ten\u00eda esperanzas, pero cuando pensaba en fr\u00edo sab\u00eda que ten\u00eda que decir \u2018basta\u2019\u201d, revel\u00f3.<\/p>\n\n\n\n<p>El anuncio se hizo en un sector del Camp Nou, y cuando pudo finalmente hablar, el Kun le agradeci\u00f3 al club donde se form\u00f3, Independiente, y luego al Atl\u00e9tico de Madrid, el City y al Barcelona.<\/p>\n\n\n\n<p>\u201cAgradezco tambi\u00e9n a todos los hinchas de los clubes donde jugu\u00e9 y a la selecci\u00f3n argentina, que es lo que m\u00e1s amo. Me voy con la cabeza alta y muy feliz. No s\u00e9 qu\u00e9 me esperara en mi nueva vida pero tengo gente que me quiere y me desea lo mejor\u201d, sostuvo.<\/p>\n\n\n\n<p>Seg\u00fan dijo, hizo todo lo posible para ver si pod\u00eda seguir jugando, pero se dio cuenta que no hab\u00eda chances cuando los m\u00e9dicos le pidieron que abandonara. &#8220;Hice todo lo posible para ver si hab\u00eda alguna esperanza, pero no hab\u00eda muchas. Es un momento muy duro, pero estoy convencido por la decisi\u00f3n que tome ya que se trata de mi salud\u201d, dijo respecto a la arritmia card\u00edaca que le detectaron hace un poco m\u00e1s de un mes mientras disputaba un partido y not\u00f3 que le faltaba el aire.<\/p>\n\n\n\n<p>\u201cEstoy muy orgulloso por mi carrera y muy feliz, siempre he so\u00f1ado jugar al f\u00fatbol desde los cinco a\u00f1os, cuando toqu\u00e9 una pelota. Menos mal que me pas\u00f3 ahora y no antes&#8221;, se sincer\u00f3 el jugador. Adem\u00e1s, le agradeci\u00f3 a su familia y su pareja por acompa\u00f1arlo y estar presentes en este momento, quiz\u00e1s uno de los m\u00e1s dif\u00edciles de su vida.<\/p>\n\n\n\n<p>A modo de reflexi\u00f3n, el Kun tambi\u00e9n dijo que cumpli\u00f3 su sue\u00f1o de haber jugado en primera divisi\u00f3n y en Europa, y que a pesar de este retiro involuntario, est\u00e1 feliz con la carrera que pudo construir.<\/p>\n\n\n\n<p>Antes de la conferencia, medios espa\u00f1oles ya hab\u00edan anunciado que era muy probable el retiro del futbolista, y luego los rumores empezaron a sonar con mucha m\u00e1s fuerza cuando el Barcelona convoc\u00f3 para hoy a la rueda de prensa.<\/p>\n\n\n\n<p>Ag\u00fcero hab\u00eda firmado dos a\u00f1os de contrato con la entidad catalana, pero tuvo que retirarse durante el partido frente al Alav\u00e9s, el pasado 30 de octubre. Ese d\u00eda, mientras estaba en la cancha, se tom\u00f3 el cuello en pleno partido y, tras dar indicios de dificultades para respirar, fue atendido por los m\u00e9dicos del equipo que lo obligaron a retirarse del encuentro. Los estudios detectaron una arritmia card\u00edaca, que es una afecci\u00f3n en el coraz\u00f3n que puede ser moderada o severa y ocurre cuando los impulsos el\u00e9ctricos que coordinan los latidos no funcionan correctamente.<\/p>\n","protected":false},"excerpt":{"rendered":"<p>El deportista anunci\u00f3 que deber\u00e1 dejar de jugar al f\u00fatbol tras un problema que le detectaron en el coraz\u00f3n. Con la mirada agachada y al borde de la l\u00e1grima, Sergio Kun Ag\u00fcero brind\u00f3 esta ma\u00f1ana una conferencia de prensa en la que anunci\u00f3 que dejar\u00e1 el f\u00fatbol profesional debido a un problema de salud que [&hellip;]<\/p>\n","protected":false},"author":2,"featured_media":31804,"comment_status":"open","ping_status":"open","sticky":false,"template":"","format":"standard","meta":{"tdm_status":"","tdm_grid_status":"","_joinchat":[],"footnotes":""},"categories":[62],"tags":[],"class_list":{"0":"post-31803","1":"post","2":"type-post","3":"status-publish","4":"format-standard","5":"has-post-thumbnail","7":"category-deportes"},"amp_enabled":true,"_links":{"self":[{"href":"https:\/\/www.todoeldia.com\/index.php\/wp-json\/wp\/v2\/posts\/31803","targetHints":{"allow":["GET"]}}],"collection":[{"href":"https:\/\/www.todoeldia.com\/index.php\/wp-json\/wp\/v2\/posts"}],"about":[{"href":"https:\/\/www.todoeldia.com\/index.php\/wp-json\/wp\/v2\/types\/post"}],"author":[{"embeddable":true,"href":"https:\/\/www.todoeldia.com\/index.php\/wp-json\/wp\/v2\/users\/2"}],"replies":[{"embeddable":true,"href":"https:\/\/www.todoeldia.com\/index.php\/wp-json\/wp\/v2\/comments?post=31803"}],"version-history":[{"count":1,"href":"https:\/\/www.todoeldia.com\/index.php\/wp-json\/wp\/v2\/posts\/31803\/revisions"}],"predecessor-version":[{"id":31805,"href":"https:\/\/www.todoeldia.com\/index.php\/wp-json\/wp\/v2\/posts\/31803\/revisions\/31805"}],"wp:featuredmedia":[{"embeddable":true,"href":"https:\/\/www.todoeldia.com\/index.php\/wp-json\/wp\/v2\/media\/31804"}],"wp:attachment":[{"href":"https:\/\/www.todoeldia.com\/index.php\/wp-json\/wp\/v2\/media?parent=31803"}],"wp:term":[{"taxonomy":"category","embeddable":true,"href":"https:\/\/www.todoeldia.com\/index.php\/wp-json\/wp\/v2\/categories?post=31803"},{"taxonomy":"post_tag","embeddable":true,"href":"https:\/\/www.todoeldia.com\/index.php\/wp-json\/wp\/v2\/tags?post=31803"}],"curies":[{"name":"wp","href":"https:\/\/api.w.org\/{rel}","templated":true}]}}