{"id":32605,"date":"2022-01-03T10:04:42","date_gmt":"2022-01-03T13:04:42","guid":{"rendered":"https:\/\/www.todoeldia.com\/?p=32605"},"modified":"2022-01-03T10:04:43","modified_gmt":"2022-01-03T13:04:43","slug":"se-aplicaron-mas-de-14-mil-dosis-contra-covid-19-durante-los-feriados-por-ano-nuevo","status":"publish","type":"post","link":"https:\/\/www.todoeldia.com\/index.php\/2022\/01\/03\/se-aplicaron-mas-de-14-mil-dosis-contra-covid-19-durante-los-feriados-por-ano-nuevo\/","title":{"rendered":"Se aplicaron m\u00e1s de 14 mil dosis contra COVID-19 durante los feriados por A\u00f1o Nuevo"},"content":{"rendered":"\n<p>Sin embargo, a\u00fan existen 301.430 dosis sin aplicar y guardadas en las heladeras.<\/p>\n\n\n\n<p>La semana anterior hubo quejas por las largas colas que se generaban debido a que hab\u00eda pocas enfermeras encargadas de aplicar las vacunas como por ejemplo en los centros de salud del Tribuno e Intersindical.<\/p>\n\n\n\n<p>Del total de vacunas inoculadas en Salta el fin de semana, 2.749 corresponden a la primera dosis y 5.924 a la segunda. Adem\u00e1s, se administraron alrededor de 5 mil terceras dosis. Se insta a quienes a\u00fan no iniciaron el esquema o no lo completaron, a recibir el biol\u00f3gico en cualquier vacunatorio p\u00fablico habilitado en la provincia.<\/p>\n\n\n\n<p>El Ministerio de Salud P\u00fablica informa que desde el 31 de diciembre al 2 de enero se administraron 14.217 dosis contra COVID-19, de las cuales 2.749 corresponden a la primera dosis y 5.924 a la segunda.<\/p>\n\n\n\n<p>Adem\u00e1s, se administraron 33 dosis \u00fanica, 1.360 adicionales y 4.151 de refuerzo.<\/p>\n\n\n\n<p>La jefa del programa de Inmunizaciones, Adriana Jure, inst\u00f3 a quienes a\u00fan no iniciaron el esquema de vacunaci\u00f3n o no lo completaron, a realizarlo a libre demanda en cualquier dispositivo de vacunaci\u00f3n de la Provincia.<\/p>\n","protected":false},"excerpt":{"rendered":"<p>Sin embargo, a\u00fan existen 301.430 dosis sin aplicar y guardadas en las heladeras. La semana anterior hubo quejas por las largas colas que se generaban debido a que hab\u00eda pocas enfermeras encargadas de aplicar las vacunas como por ejemplo en los centros de salud del Tribuno e Intersindical. Del total de vacunas inoculadas en Salta [&hellip;]<\/p>\n","protected":false},"author":2,"featured_media":32606,"comment_status":"open","ping_status":"open","sticky":false,"template":"","format":"standard","meta":{"tdm_status":"","tdm_grid_status":"","_joinchat":[],"footnotes":""},"categories":[65],"tags":[],"class_list":{"0":"post-32605","1":"post","2":"type-post","3":"status-publish","4":"format-standard","5":"has-post-thumbnail","7":"category-coronavirus"},"amp_enabled":true,"_links":{"self":[{"href":"https:\/\/www.todoeldia.com\/index.php\/wp-json\/wp\/v2\/posts\/32605","targetHints":{"allow":["GET"]}}],"collection":[{"href":"https:\/\/www.todoeldia.com\/index.php\/wp-json\/wp\/v2\/posts"}],"about":[{"href":"https:\/\/www.todoeldia.com\/index.php\/wp-json\/wp\/v2\/types\/post"}],"author":[{"embeddable":true,"href":"https:\/\/www.todoeldia.com\/index.php\/wp-json\/wp\/v2\/users\/2"}],"replies":[{"embeddable":true,"href":"https:\/\/www.todoeldia.com\/index.php\/wp-json\/wp\/v2\/comments?post=32605"}],"version-history":[{"count":1,"href":"https:\/\/www.todoeldia.com\/index.php\/wp-json\/wp\/v2\/posts\/32605\/revisions"}],"predecessor-version":[{"id":32607,"href":"https:\/\/www.todoeldia.com\/index.php\/wp-json\/wp\/v2\/posts\/32605\/revisions\/32607"}],"wp:featuredmedia":[{"embeddable":true,"href":"https:\/\/www.todoeldia.com\/index.php\/wp-json\/wp\/v2\/media\/32606"}],"wp:attachment":[{"href":"https:\/\/www.todoeldia.com\/index.php\/wp-json\/wp\/v2\/media?parent=32605"}],"wp:term":[{"taxonomy":"category","embeddable":true,"href":"https:\/\/www.todoeldia.com\/index.php\/wp-json\/wp\/v2\/categories?post=32605"},{"taxonomy":"post_tag","embeddable":true,"href":"https:\/\/www.todoeldia.com\/index.php\/wp-json\/wp\/v2\/tags?post=32605"}],"curies":[{"name":"wp","href":"https:\/\/api.w.org\/{rel}","templated":true}]}}