{"id":32619,"date":"2022-01-03T11:36:57","date_gmt":"2022-01-03T14:36:57","guid":{"rendered":"https:\/\/www.todoeldia.com\/?p=32619"},"modified":"2022-01-03T11:36:59","modified_gmt":"2022-01-03T14:36:59","slug":"miguel-isa-donde-estan-la-playas-de-arena-en-el-rio-vaqueros","status":"publish","type":"post","link":"https:\/\/www.todoeldia.com\/index.php\/2022\/01\/03\/miguel-isa-donde-estan-la-playas-de-arena-en-el-rio-vaqueros\/","title":{"rendered":"\u00bfMiguel Isa d\u00f3nde est\u00e1n la playas de arena en el r\u00edo Vaqueros?"},"content":{"rendered":"\n<p>El 13 de noviembre de 2009 el ex intendente Miguel Isa anunciaba con bombos y platillos que habilitar\u00eda una playa en la ribera del rio Vaqueros.<\/p>\n\n\n\n<p>A partir de esa temporada estival, el principal centro veraniego de la ciudad contar\u00eda con m\u00e1s comodidades para los que disfrutan del sol y del aire libre. Desde la Secretar\u00eda de Obras P\u00fablicas de la Municipalidad indicaron que ya se hab\u00eda cercado y alambrado el predio del \u201cBalneario R\u00edo Vaqueros\u201d. Se trataba de un complejo de 30 hect\u00e1reas que tendr\u00eda sectores de playa, asadores, plazas y estacionamiento para veh\u00edculos. Adem\u00e1s, luego del verano, se pondr\u00e1 en condiciones una franja de ese terreno donde habr\u00e1 confiter\u00edas y paradores.<\/p>\n\n\n\n<figure class=\"wp-block-image size-full is-resized\"><img loading=\"lazy\" decoding=\"async\" src=\"https:\/\/www.todoeldia.com\/wp-content\/uploads\/2022\/01\/rio-vaqueros-4.jpg\" alt=\"\" class=\"wp-image-32622\" width=\"1062\" height=\"779\" srcset=\"https:\/\/www.todoeldia.com\/wp-content\/uploads\/2022\/01\/rio-vaqueros-4-300x219.jpg 300w, https:\/\/www.todoeldia.com\/wp-content\/uploads\/2022\/01\/rio-vaqueros-4-80x60.jpg 80w\" sizes=\"auto, (max-width: 1062px) 100vw, 1062px\" \/><\/figure>\n\n\n\n<p>Habr\u00e1 asadores, estacionamiento para veh\u00edculos y sectores de recreaci\u00f3n. Planean instalar ba\u00f1os qu\u00edmicos.<\/p>\n\n\n\n<p>De esta forma se hace realidad el deseo de los vecinos de la capital salte\u00f1a y de la localidad de Vaqueros, quienes durante largas d\u00e9cadas anhelaron disponer de un centro de recreaci\u00f3n familiar al costado del popular r\u00edo. Ser\u00e1 una tentadora opci\u00f3n para las personas que se quedan en la ciudad a pasar sus vacaciones y un polo de atracci\u00f3n para turistas nacionales y extranjeros.<\/p>\n\n\n\n<p>Carlos Ferrary, secretario de Obras P\u00fablicas, en ese momento dijo que ya se termin\u00f3 la primera etapa del ambicioso proyecto. Durante los \u00faltimos meses se sacaron escombros y residuos, se nivel\u00f3 el terreno y se alambr\u00f3 el predio. Tambi\u00e9n se trabaj\u00f3 en las banquinas del estacionamiento. El funcionario aclar\u00f3 que los autos no podr\u00e1n llegar hasta la ribera del r\u00edo. Esta fase del proyecto demand\u00f3 $600 mil que aport\u00f3 el Gobierno provincial.<\/p>\n\n\n\n<figure class=\"wp-block-image size-full is-resized\"><img loading=\"lazy\" decoding=\"async\" src=\"https:\/\/www.todoeldia.com\/wp-content\/uploads\/2022\/01\/puente-rio-vaqueros.jpg\" alt=\"\" class=\"wp-image-32623\" width=\"1058\" height=\"710\"\/><\/figure>\n\n\n\n<p>Pasaron 13 a\u00f1os de una de las tantas mentiras del jefe comunal y hoy el r\u00edo Vaqueros sigue estando igual y con miles de salte\u00f1os los fines de semana que se aglomeran en busca de refrescarse por las altas temperaturas.<\/p>\n\n\n\n<p>Se fue Miguel Isa, asumi\u00f3 como Vicegobernador quiso ser concejal y nadie lo vot\u00f3 y a\u00fan los salte\u00f1os siguen esperando las playas de arena en el r\u00edo Vaqueros.<\/p>\n","protected":false},"excerpt":{"rendered":"<p>El 13 de noviembre de 2009 el ex intendente Miguel Isa anunciaba con bombos y platillos que habilitar\u00eda una playa en la ribera del rio Vaqueros. A partir de esa temporada estival, el principal centro veraniego de la ciudad contar\u00eda con m\u00e1s comodidades para los que disfrutan del sol y del aire libre. Desde la [&hellip;]<\/p>\n","protected":false},"author":2,"featured_media":32621,"comment_status":"open","ping_status":"open","sticky":false,"template":"","format":"standard","meta":{"tdm_status":"","tdm_grid_status":"","_joinchat":[],"footnotes":""},"categories":[73],"tags":[],"class_list":{"0":"post-32619","1":"post","2":"type-post","3":"status-publish","4":"format-standard","5":"has-post-thumbnail","7":"category-noticias-general"},"amp_enabled":true,"_links":{"self":[{"href":"https:\/\/www.todoeldia.com\/index.php\/wp-json\/wp\/v2\/posts\/32619","targetHints":{"allow":["GET"]}}],"collection":[{"href":"https:\/\/www.todoeldia.com\/index.php\/wp-json\/wp\/v2\/posts"}],"about":[{"href":"https:\/\/www.todoeldia.com\/index.php\/wp-json\/wp\/v2\/types\/post"}],"author":[{"embeddable":true,"href":"https:\/\/www.todoeldia.com\/index.php\/wp-json\/wp\/v2\/users\/2"}],"replies":[{"embeddable":true,"href":"https:\/\/www.todoeldia.com\/index.php\/wp-json\/wp\/v2\/comments?post=32619"}],"version-history":[{"count":1,"href":"https:\/\/www.todoeldia.com\/index.php\/wp-json\/wp\/v2\/posts\/32619\/revisions"}],"predecessor-version":[{"id":32624,"href":"https:\/\/www.todoeldia.com\/index.php\/wp-json\/wp\/v2\/posts\/32619\/revisions\/32624"}],"wp:featuredmedia":[{"embeddable":true,"href":"https:\/\/www.todoeldia.com\/index.php\/wp-json\/wp\/v2\/media\/32621"}],"wp:attachment":[{"href":"https:\/\/www.todoeldia.com\/index.php\/wp-json\/wp\/v2\/media?parent=32619"}],"wp:term":[{"taxonomy":"category","embeddable":true,"href":"https:\/\/www.todoeldia.com\/index.php\/wp-json\/wp\/v2\/categories?post=32619"},{"taxonomy":"post_tag","embeddable":true,"href":"https:\/\/www.todoeldia.com\/index.php\/wp-json\/wp\/v2\/tags?post=32619"}],"curies":[{"name":"wp","href":"https:\/\/api.w.org\/{rel}","templated":true}]}}