{"id":32628,"date":"2022-01-03T12:44:15","date_gmt":"2022-01-03T15:44:15","guid":{"rendered":"https:\/\/www.todoeldia.com\/?p=32628"},"modified":"2022-01-03T12:44:17","modified_gmt":"2022-01-03T15:44:17","slug":"en-febrero-juzgaran-al-exconcejal-barraza-de-oran-acusado-por-abuso-sexual-simple-y-privacion-ilegitima-de-la-libertad","status":"publish","type":"post","link":"https:\/\/www.todoeldia.com\/index.php\/2022\/01\/03\/en-febrero-juzgaran-al-exconcejal-barraza-de-oran-acusado-por-abuso-sexual-simple-y-privacion-ilegitima-de-la-libertad\/","title":{"rendered":"En febrero juzgar\u00e1n al exconcejal Barraza de Or\u00e1n acusado por abuso sexual simple y privaci\u00f3n ileg\u00edtima de la libertad"},"content":{"rendered":"\n<p>El juez Mario Maldonado, vocal de la Sala I del Tribunal de Juicio de Or\u00e1n, fij\u00f3 fecha para la audiencia de debate en la causa seguida contra H\u00e9ctor Ram\u00f3n Barraza (39), acusado del delito de abuso sexual simple y privaci\u00f3n ileg\u00edtima de la libertad, en concurso real. El juicio se desarrollar\u00e1 el 3 y 4 de febrero de 2022.<\/p>\n\n\n\n<p>Barraza, de profesi\u00f3n comerciante, al momento del hecho ocupaba una banca como concejal de la ciudad de San Ram\u00f3n de la Nueva Or\u00e1n. Fue denunciado por el padre de la v\u00edctima (17), el 26 de enero de este a\u00f1o, cuando la joven concurri\u00f3 a una entrevista de trabajo con el acusado en la localidad de Pichanal, donde ten\u00eda un local comercial de venta de colchones.<\/p>\n\n\n\n<p>En representaci\u00f3n del Ministerio P\u00fablico intervendr\u00e1 la fiscal Penal Regional Sof\u00eda Fuentes Mayorga. La defensa del imputado estar\u00e1 a cargo de Santiago Savoy. El acusado llegar\u00e1 a juicio en libertad.<\/p>\n","protected":false},"excerpt":{"rendered":"<p>El juez Mario Maldonado, vocal de la Sala I del Tribunal de Juicio de Or\u00e1n, fij\u00f3 fecha para la audiencia de debate en la causa seguida contra H\u00e9ctor Ram\u00f3n Barraza (39), acusado del delito de abuso sexual simple y privaci\u00f3n ileg\u00edtima de la libertad, en concurso real. El juicio se desarrollar\u00e1 el 3 y 4 [&hellip;]<\/p>\n","protected":false},"author":2,"featured_media":32629,"comment_status":"open","ping_status":"open","sticky":false,"template":"","format":"standard","meta":{"tdm_status":"","tdm_grid_status":"","_joinchat":[],"footnotes":""},"categories":[73],"tags":[],"class_list":{"0":"post-32628","1":"post","2":"type-post","3":"status-publish","4":"format-standard","5":"has-post-thumbnail","7":"category-noticias-general"},"amp_enabled":true,"_links":{"self":[{"href":"https:\/\/www.todoeldia.com\/index.php\/wp-json\/wp\/v2\/posts\/32628","targetHints":{"allow":["GET"]}}],"collection":[{"href":"https:\/\/www.todoeldia.com\/index.php\/wp-json\/wp\/v2\/posts"}],"about":[{"href":"https:\/\/www.todoeldia.com\/index.php\/wp-json\/wp\/v2\/types\/post"}],"author":[{"embeddable":true,"href":"https:\/\/www.todoeldia.com\/index.php\/wp-json\/wp\/v2\/users\/2"}],"replies":[{"embeddable":true,"href":"https:\/\/www.todoeldia.com\/index.php\/wp-json\/wp\/v2\/comments?post=32628"}],"version-history":[{"count":1,"href":"https:\/\/www.todoeldia.com\/index.php\/wp-json\/wp\/v2\/posts\/32628\/revisions"}],"predecessor-version":[{"id":32630,"href":"https:\/\/www.todoeldia.com\/index.php\/wp-json\/wp\/v2\/posts\/32628\/revisions\/32630"}],"wp:featuredmedia":[{"embeddable":true,"href":"https:\/\/www.todoeldia.com\/index.php\/wp-json\/wp\/v2\/media\/32629"}],"wp:attachment":[{"href":"https:\/\/www.todoeldia.com\/index.php\/wp-json\/wp\/v2\/media?parent=32628"}],"wp:term":[{"taxonomy":"category","embeddable":true,"href":"https:\/\/www.todoeldia.com\/index.php\/wp-json\/wp\/v2\/categories?post=32628"},{"taxonomy":"post_tag","embeddable":true,"href":"https:\/\/www.todoeldia.com\/index.php\/wp-json\/wp\/v2\/tags?post=32628"}],"curies":[{"name":"wp","href":"https:\/\/api.w.org\/{rel}","templated":true}]}}