{"id":32643,"date":"2022-01-03T14:10:23","date_gmt":"2022-01-03T17:10:23","guid":{"rendered":"https:\/\/www.todoeldia.com\/?p=32643"},"modified":"2022-01-03T14:10:26","modified_gmt":"2022-01-03T17:10:26","slug":"355-contagios-en-las-ultimas-24-horas-y-79-internados-en-terapia-en-salta","status":"publish","type":"post","link":"https:\/\/www.todoeldia.com\/index.php\/2022\/01\/03\/355-contagios-en-las-ultimas-24-horas-y-79-internados-en-terapia-en-salta\/","title":{"rendered":"355 contagios en las \u00faltimas 24 horas y 79 internados en terapia en Salta"},"content":{"rendered":"\n<p>El Ministerio de Salud P\u00fablica inform\u00f3 que en las \u00faltimas 24 horas se notificaron 355 casos nuevos de coronavirus.<\/p>\n\n\n\n<p>Desde el inicio de la pandemia, en la Provincia suman 94.363 los casos confirmados.<\/p>\n\n\n\n<p>Hay 79 pacientes internados en unidades de terapia intensiva y 41 con asistencia respiratoria mec\u00e1nica.<\/p>\n\n\n\n<p>A la fecha, los decesos por COVID-19 en Salta suman 2807.<\/p>\n\n\n\n<figure class=\"wp-block-table\"><table><tbody><tr><td><strong>Fecha: 03-01-2022 ( 14.00 hs)<\/strong><\/td><\/tr><tr><td><strong>Casos COVID-19 de residentes en la Provincia de Salta<\/strong><\/td><\/tr><tr><td><strong>Departamento<\/strong><\/td><td><strong>Casos notificados&nbsp;<\/strong><\/td><td><strong>Total de casos notificados a\u00f1o 2022<\/strong><\/td><td><strong>Total de casos notificados a\u00f1o 2021<\/strong><\/td><td><strong>Total de casos acumulados<\/strong><\/td><\/tr><tr><td>Anta<\/td><td>2<\/td><td>2<\/td><td>3879<\/td><td>4573<\/td><\/tr><tr><td>Cachi<\/td><td>1<\/td><td>1<\/td><td>753<\/td><td>842<\/td><\/tr><tr><td>Cafayate<\/td><td>1<\/td><td>1<\/td><td>1526<\/td><td>2109<\/td><\/tr><tr><td>Capital<\/td><td>230<\/td><td>230<\/td><td>36390<\/td><td>47164<\/td><\/tr><tr><td>Cerrillos<\/td><td>10<\/td><td>10<\/td><td>2308<\/td><td>3294<\/td><\/tr><tr><td>Chicoana<\/td><td>0<\/td><td>0<\/td><td>1508<\/td><td>1828<\/td><\/tr><tr><td>Gral. G\u00fcemes<\/td><td>1<\/td><td>1<\/td><td>1718<\/td><td>2905<\/td><\/tr><tr><td>Gral. San Mart\u00edn<\/td><td>28<\/td><td>28<\/td><td>4738<\/td><td>6885<\/td><\/tr><tr><td>Guachipas<\/td><td>0<\/td><td>0<\/td><td>250<\/td><td>290<\/td><\/tr><tr><td>Iruya&nbsp;<\/td><td>0<\/td><td>0<\/td><td>467<\/td><td>587<\/td><\/tr><tr><td>La Caldera<\/td><td>9<\/td><td>9<\/td><td>1135<\/td><td>1387<\/td><\/tr><tr><td>La Candelaria<\/td><td>0<\/td><td>0<\/td><td>543<\/td><td>577<\/td><\/tr><tr><td>La Poma<\/td><td>0<\/td><td>0<\/td><td>72<\/td><td>107<\/td><\/tr><tr><td>La Vi\u00f1a<\/td><td>1<\/td><td>1<\/td><td>809<\/td><td>1032<\/td><\/tr><tr><td>Los Andes<\/td><td>1<\/td><td>1<\/td><td>379<\/td><td>610<\/td><\/tr><tr><td>Met\u00e1n<\/td><td>6<\/td><td>6<\/td><td>3478<\/td><td>4020<\/td><\/tr><tr><td>Molinos<\/td><td>0<\/td><td>0<\/td><td>593<\/td><td>660<\/td><\/tr><tr><td>Or\u00e1n<\/td><td>46<\/td><td>46<\/td><td>4057<\/td><td>6652<\/td><\/tr><tr><td>Rivadavia<\/td><td>14<\/td><td>14<\/td><td>1352<\/td><td>1604<\/td><\/tr><tr><td>Rosario de la Frontera<\/td><td>0<\/td><td>0<\/td><td>2212<\/td><td>2432<\/td><\/tr><tr><td>Rosario de Lerma<\/td><td>5<\/td><td>5<\/td><td>2346<\/td><td>3235<\/td><\/tr><tr><td>San Carlos<\/td><td>0<\/td><td>0<\/td><td>614<\/td><td>774<\/td><\/tr><tr><td>Santa Victoria<\/td><td>0<\/td><td>0<\/td><td>748<\/td><td>796<\/td><\/tr><tr><td><strong>TOTAL<\/strong><\/td><td><strong>355<\/strong><\/td><td><strong>355<\/strong><\/td><td><strong>71875<\/strong><\/td><td><strong>94363<\/strong><\/td><\/tr><\/tbody><\/table><\/figure>\n","protected":false},"excerpt":{"rendered":"<p>El Ministerio de Salud P\u00fablica inform\u00f3 que en las \u00faltimas 24 horas se notificaron 355 casos nuevos de coronavirus. Desde el inicio de la pandemia, en la Provincia suman 94.363 los casos confirmados. Hay 79 pacientes internados en unidades de terapia intensiva y 41 con asistencia respiratoria mec\u00e1nica. A la fecha, los decesos por COVID-19 [&hellip;]<\/p>\n","protected":false},"author":2,"featured_media":32644,"comment_status":"open","ping_status":"open","sticky":false,"template":"","format":"standard","meta":{"tdm_status":"","tdm_grid_status":"","_joinchat":[],"footnotes":""},"categories":[65],"tags":[],"class_list":{"0":"post-32643","1":"post","2":"type-post","3":"status-publish","4":"format-standard","5":"has-post-thumbnail","7":"category-coronavirus"},"amp_enabled":true,"_links":{"self":[{"href":"https:\/\/www.todoeldia.com\/index.php\/wp-json\/wp\/v2\/posts\/32643","targetHints":{"allow":["GET"]}}],"collection":[{"href":"https:\/\/www.todoeldia.com\/index.php\/wp-json\/wp\/v2\/posts"}],"about":[{"href":"https:\/\/www.todoeldia.com\/index.php\/wp-json\/wp\/v2\/types\/post"}],"author":[{"embeddable":true,"href":"https:\/\/www.todoeldia.com\/index.php\/wp-json\/wp\/v2\/users\/2"}],"replies":[{"embeddable":true,"href":"https:\/\/www.todoeldia.com\/index.php\/wp-json\/wp\/v2\/comments?post=32643"}],"version-history":[{"count":1,"href":"https:\/\/www.todoeldia.com\/index.php\/wp-json\/wp\/v2\/posts\/32643\/revisions"}],"predecessor-version":[{"id":32645,"href":"https:\/\/www.todoeldia.com\/index.php\/wp-json\/wp\/v2\/posts\/32643\/revisions\/32645"}],"wp:featuredmedia":[{"embeddable":true,"href":"https:\/\/www.todoeldia.com\/index.php\/wp-json\/wp\/v2\/media\/32644"}],"wp:attachment":[{"href":"https:\/\/www.todoeldia.com\/index.php\/wp-json\/wp\/v2\/media?parent=32643"}],"wp:term":[{"taxonomy":"category","embeddable":true,"href":"https:\/\/www.todoeldia.com\/index.php\/wp-json\/wp\/v2\/categories?post=32643"},{"taxonomy":"post_tag","embeddable":true,"href":"https:\/\/www.todoeldia.com\/index.php\/wp-json\/wp\/v2\/tags?post=32643"}],"curies":[{"name":"wp","href":"https:\/\/api.w.org\/{rel}","templated":true}]}}