{"id":32662,"date":"2022-01-04T15:41:18","date_gmt":"2022-01-04T18:41:18","guid":{"rendered":"https:\/\/www.todoeldia.com\/?p=32662"},"modified":"2022-01-04T15:41:20","modified_gmt":"2022-01-04T18:41:20","slug":"prision-preventiva-para-un-violento-policia-imputado-por-multiples-causas","status":"publish","type":"post","link":"https:\/\/www.todoeldia.com\/index.php\/2022\/01\/04\/prision-preventiva-para-un-violento-policia-imputado-por-multiples-causas\/","title":{"rendered":"Prisi\u00f3n preventiva para un violento polic\u00eda imputado por m\u00faltiples causas"},"content":{"rendered":"\n<p>La Sala IV del Tribunal de Impugnaci\u00f3n rechaz\u00f3 el recurso de apelaci\u00f3n interpuesto por los abogados de la defensa de Ignacio Esteban Zurita contra la resoluci\u00f3n dictada por la Sala V del Tribunal de Juicio del distrito Centro, que desestim\u00f3 el pedido de revisi\u00f3n de la prisi\u00f3n preventiva.<\/p>\n\n\n\n<p>El Tribunal de Impugnaci\u00f3n sostiene que tiene dicho en numerosos precedentes que el ordenamiento procesal ha otorgado al imputado la posibilidad de solicitar, de manera continua, su libertad mediante la revisi\u00f3n de la prisi\u00f3n preventiva ya dictada, pero supedita su procedencia a la incorporaci\u00f3n de alg\u00fan elemento que modifique, a favor de suposici\u00f3n, las bases en que se sustent\u00f3 la medida.<\/p>\n\n\n\n<p>El fallo sostiene que no surge de la presentaci\u00f3n de la defensa, la invocaci\u00f3n de alg\u00fan elemento nuevo con entidad para modificar las razones que sustentaron elmantenimiento de la medida y que, por ende, autoricen a revocar la prisi\u00f3npreventiva impuesta a Zurita.<\/p>\n\n\n\n<p>El imputado est\u00e1 acusado por los delitos de vejaciones en concurso real, con allanamiento ilegal y privaci\u00f3n ileg\u00edtima de la libertad y sus acumuladas: por vejaciones calificadas y lesiones leves en concurso ideal; por vejaciones calificadas y falsedad ideol\u00f3gica, en concurso real; por severidades calificadas y lesiones leves en concurso ideal; por vejaciones calificadas en concurso ideal, con lesiones graves.<\/p>\n\n\n\n<p>Por su parte, el Tribunal de Juicio Sala V del distrito Centro, notific\u00f3 al fiscal penal de Derechos Humanos, Gabriel Gonz\u00e1lez, que la audiencia de debate p\u00fablica por la causa en la que se encuentran imputados, adem\u00e1s de Ignacio Esteban Zurita, otros dos efectivos policiales: Pablo Exequiel Toledo y R\u00f3mulo Segovia, fue fijada entre el 20 y el 27 de septiembre del presente 2022.<\/p>\n\n\n\n<p>Cabe recordar que los tres efectivos policiales fueron detenidos el lunes 19 de abril de 2021, imputados en m\u00faltiples causas, mientras se desempe\u00f1aban en la Divisi\u00f3n de Seguridad Urbana.<\/p>\n\n\n\n<p>De las m\u00faltiples causas, se tiene que los efectivos policiales acusados acometieron contra la integridad f\u00edsica de numerosas personas (entre las cuales se encontraban dos menores de edad), y en muchas situaciones y sin motivo alguno, les dispararon con armas no letales. Uno de los damnificados, Luciano Cruz, perdi\u00f3 un ojo por la violencia con la que actuaron los encartados y ten\u00eda comprometido el otro, seg\u00fan hab\u00eda trascendido en publicaciones period\u00edsticas.<\/p>\n","protected":false},"excerpt":{"rendered":"<p>La Sala IV del Tribunal de Impugnaci\u00f3n rechaz\u00f3 el recurso de apelaci\u00f3n interpuesto por los abogados de la defensa de Ignacio Esteban Zurita contra la resoluci\u00f3n dictada por la Sala V del Tribunal de Juicio del distrito Centro, que desestim\u00f3 el pedido de revisi\u00f3n de la prisi\u00f3n preventiva. El Tribunal de Impugnaci\u00f3n sostiene que tiene [&hellip;]<\/p>\n","protected":false},"author":2,"featured_media":32663,"comment_status":"open","ping_status":"open","sticky":false,"template":"","format":"standard","meta":{"tdm_status":"","tdm_grid_status":"","_joinchat":[],"footnotes":""},"categories":[73],"tags":[],"class_list":{"0":"post-32662","1":"post","2":"type-post","3":"status-publish","4":"format-standard","5":"has-post-thumbnail","7":"category-noticias-general"},"amp_enabled":true,"_links":{"self":[{"href":"https:\/\/www.todoeldia.com\/index.php\/wp-json\/wp\/v2\/posts\/32662","targetHints":{"allow":["GET"]}}],"collection":[{"href":"https:\/\/www.todoeldia.com\/index.php\/wp-json\/wp\/v2\/posts"}],"about":[{"href":"https:\/\/www.todoeldia.com\/index.php\/wp-json\/wp\/v2\/types\/post"}],"author":[{"embeddable":true,"href":"https:\/\/www.todoeldia.com\/index.php\/wp-json\/wp\/v2\/users\/2"}],"replies":[{"embeddable":true,"href":"https:\/\/www.todoeldia.com\/index.php\/wp-json\/wp\/v2\/comments?post=32662"}],"version-history":[{"count":1,"href":"https:\/\/www.todoeldia.com\/index.php\/wp-json\/wp\/v2\/posts\/32662\/revisions"}],"predecessor-version":[{"id":32664,"href":"https:\/\/www.todoeldia.com\/index.php\/wp-json\/wp\/v2\/posts\/32662\/revisions\/32664"}],"wp:featuredmedia":[{"embeddable":true,"href":"https:\/\/www.todoeldia.com\/index.php\/wp-json\/wp\/v2\/media\/32663"}],"wp:attachment":[{"href":"https:\/\/www.todoeldia.com\/index.php\/wp-json\/wp\/v2\/media?parent=32662"}],"wp:term":[{"taxonomy":"category","embeddable":true,"href":"https:\/\/www.todoeldia.com\/index.php\/wp-json\/wp\/v2\/categories?post=32662"},{"taxonomy":"post_tag","embeddable":true,"href":"https:\/\/www.todoeldia.com\/index.php\/wp-json\/wp\/v2\/tags?post=32662"}],"curies":[{"name":"wp","href":"https:\/\/api.w.org\/{rel}","templated":true}]}}