{"id":32675,"date":"2022-01-04T16:27:00","date_gmt":"2022-01-04T19:27:00","guid":{"rendered":"https:\/\/www.todoeldia.com\/?p=32675"},"modified":"2022-01-04T16:27:02","modified_gmt":"2022-01-04T19:27:02","slug":"autotest-de-covid-como-se-usa-quien-se-lo-puede-hacer-y-cual-es-su-efectividad","status":"publish","type":"post","link":"https:\/\/www.todoeldia.com\/index.php\/2022\/01\/04\/autotest-de-covid-como-se-usa-quien-se-lo-puede-hacer-y-cual-es-su-efectividad\/","title":{"rendered":"&#8220;Autotest&#8221; de Covid: c\u00f3mo se usa, qui\u00e9n se lo puede hacer y cu\u00e1l es su efectividad"},"content":{"rendered":"\n<p>A\u00fan no est\u00e1n a la venta, pero se espera que en las pr\u00f3ximas semanas sean autorizados. C\u00f3mo se utilizan.<\/p>\n\n\n\n<p>Las colas para hisoparse parecen cada vez m\u00e1s largas en los centros de salud y, al menos por ahora, no hay un pron\u00f3stico cercano de que vayan a bajar los casos de coronavirus en la Argentina durante los pr\u00f3ximos d\u00edas. Por eso mismo, el ministro de Salud porte\u00f1o, Fern\u00e1n Quir\u00f3s, pidi\u00f3 p\u00fablicamente a la Administraci\u00f3n Nacional de Medicamentos, Alimentos y Tecnolog\u00eda M\u00e9dica (ANMAT) que aprueben para poner a la venta los autotest de Covid-19, con el objetivo de que los centros de testeo se liberen aunque sea un poco.<\/p>\n\n\n\n<p>\u201cEs muy importante, no es la soluci\u00f3n de la pandemia, pero es un instrumento m\u00e1s. Hay que seguir ampliando la oferta de la capacidad de testeo\u201d, dijo sobre los hisopados, a los cuales calific\u00f3 como \u201cuna herramienta importante en la gesti\u00f3n de la pandemia\u201d.<\/p>\n\n\n\n<p>Si bien es cierto que hace d\u00edas se viene hablando sobre estos autotests, y las dudas que genera su aprobaci\u00f3n, lo cierto es que son pocos los que saben c\u00f3mo deben hacerse los hisopados y el uso que hay que darle. Para evacuar algunos interrogantes, la m\u00e9dica Infect\u00f3loga Leda Guzzi, aclar\u00f3 algunas cuestiones sobre estos tests que a\u00fan en nuestro pa\u00eds no est\u00e1n a la venta, pero que pr\u00f3ximamente podr\u00edan estarlo.<\/p>\n\n\n\n<figure class=\"wp-block-image size-large\"><img loading=\"lazy\" decoding=\"async\" width=\"1024\" height=\"681\" src=\"https:\/\/www.todoeldia.com\/wp-content\/uploads\/2022\/01\/autotest-2-1024x681.jpg\" alt=\"\" class=\"wp-image-32677\" srcset=\"https:\/\/www.todoeldia.com\/wp-content\/uploads\/2022\/01\/autotest-2-1024x681.jpg 1024w, https:\/\/www.todoeldia.com\/wp-content\/uploads\/2022\/01\/autotest-2-300x199.jpg 300w, https:\/\/www.todoeldia.com\/wp-content\/uploads\/2022\/01\/autotest-2-768x510.jpg 768w, https:\/\/www.todoeldia.com\/wp-content\/uploads\/2022\/01\/autotest-2-696x463.jpg 696w, https:\/\/www.todoeldia.com\/wp-content\/uploads\/2022\/01\/autotest-2-1068x710.jpg 1068w, https:\/\/www.todoeldia.com\/wp-content\/uploads\/2022\/01\/autotest-2-632x420.jpg 632w, https:\/\/www.todoeldia.com\/wp-content\/uploads\/2022\/01\/autotest-2.jpg 1500w\" sizes=\"auto, (max-width: 1024px) 100vw, 1024px\" \/><\/figure>\n\n\n\n<p>&#8220;Nadie sabe demasiado sobre el tema. En general, se hacen con hisopos nasales que se puede hacer como autotest, est\u00e1n preparados para eso con un hisopado nasal. No me consta que haya un kit para saliva, y m\u00e1s detalles no s\u00e9 porque a\u00fan no est\u00e1n aprobados. Lo que se sabe es que son test de ant\u00edgenos, o sea que tienen una sensibilidad alta, pero no es la m\u00e1xima sensibilidad que s\u00ed tiene las pruebas de PCR&#8221;, coment\u00f3 la especialista, tambi\u00e9n miembro de la Sociedad Argentina de Infectolog\u00eda.<\/p>\n\n\n\n<p>Respecto a qui\u00e9nes y cu\u00e1ndo se debe acudir a estos autotests, la m\u00e9dica aclar\u00f3 que el momento en que son m\u00e1s efectivos es cuando se somete a una prueba la persona que manifiesta s\u00edntomas entre su segundo y quinto d\u00eda con malestares. &#8220;Esa es la m\u00e1xima utilidad de estos tests, con un mayor riesgo de falsos negativos por fuera de esas circunstancias&#8221;, mencion\u00f3.<\/p>\n\n\n\n<p>Por otro lado, Guzzi plante\u00f3 la duda respecto a c\u00f3mo se van a notificar los casos positivos, algo que resulta de mucha importancia. &#8220;El gran tema tambi\u00e9n es c\u00f3mo se va a trazar eso, c\u00f3mo se va a notificar, porque el Ministerio de Salud se tiene que enterar de los tests que se hacen y de los resultados tanto positivos como negativos para llevar casu\u00edstica, esa es la cuesti\u00f3n. Creo que es una herramienta m\u00e1s que ayuda, que puede resolver una serie de situaciones en empresas, en lugares donde hay reuni\u00f3n de muchas personas, tambi\u00e9n a veces en el seno del hogar, pero tiene ciertas cosas que son importante conocer, y tambi\u00e9n se tiene que ajustar todo esto de la notificaci\u00f3n&#8221;, opin\u00f3.<\/p>\n\n\n\n<p>Adem\u00e1s, la especialista miembro de la International AIDS Society, coment\u00f3 que una vez que se aprueben y salgan a la venta, los autotests se va a usar con finalidades m\u00faltiples, tanto en escenarios de personas con s\u00edntomas, como con aquellos que no manifiesten malestar.<\/p>\n\n\n\n<p>&#8220;Se pueden utilizar como pol\u00edtica quiz\u00e1s de testeo para ingresos a, por ejemplo, universidades o trabajos, puede llegar a tener esa finalidad, pero lo que hay que saber es que el test tiene su punto d\u00e9bil en las personas asintom\u00e1ticas. No es que s\u00ed o s\u00ed va a fallar, pero tiene una menor sensibilidad en personas asintom\u00e1ticas. Por lo tanto, mi recomendaci\u00f3n para alguien que estuvo en contacto con un positivo, ser\u00eda que si se teste\u00f3 y dio negativo, es buen\u00edsimo, pero tiene que seguir aislado durante los cinco d\u00edas que corresponde&#8221;, cerr\u00f3.<\/p>\n","protected":false},"excerpt":{"rendered":"<p>A\u00fan no est\u00e1n a la venta, pero se espera que en las pr\u00f3ximas semanas sean autorizados. C\u00f3mo se utilizan. Las colas para hisoparse parecen cada vez m\u00e1s largas en los centros de salud y, al menos por ahora, no hay un pron\u00f3stico cercano de que vayan a bajar los casos de coronavirus en la Argentina [&hellip;]<\/p>\n","protected":false},"author":2,"featured_media":32676,"comment_status":"open","ping_status":"open","sticky":false,"template":"","format":"standard","meta":{"tdm_status":"","tdm_grid_status":"","_joinchat":[],"footnotes":""},"categories":[65],"tags":[],"class_list":{"0":"post-32675","1":"post","2":"type-post","3":"status-publish","4":"format-standard","5":"has-post-thumbnail","7":"category-coronavirus"},"amp_enabled":true,"_links":{"self":[{"href":"https:\/\/www.todoeldia.com\/index.php\/wp-json\/wp\/v2\/posts\/32675","targetHints":{"allow":["GET"]}}],"collection":[{"href":"https:\/\/www.todoeldia.com\/index.php\/wp-json\/wp\/v2\/posts"}],"about":[{"href":"https:\/\/www.todoeldia.com\/index.php\/wp-json\/wp\/v2\/types\/post"}],"author":[{"embeddable":true,"href":"https:\/\/www.todoeldia.com\/index.php\/wp-json\/wp\/v2\/users\/2"}],"replies":[{"embeddable":true,"href":"https:\/\/www.todoeldia.com\/index.php\/wp-json\/wp\/v2\/comments?post=32675"}],"version-history":[{"count":1,"href":"https:\/\/www.todoeldia.com\/index.php\/wp-json\/wp\/v2\/posts\/32675\/revisions"}],"predecessor-version":[{"id":32678,"href":"https:\/\/www.todoeldia.com\/index.php\/wp-json\/wp\/v2\/posts\/32675\/revisions\/32678"}],"wp:featuredmedia":[{"embeddable":true,"href":"https:\/\/www.todoeldia.com\/index.php\/wp-json\/wp\/v2\/media\/32676"}],"wp:attachment":[{"href":"https:\/\/www.todoeldia.com\/index.php\/wp-json\/wp\/v2\/media?parent=32675"}],"wp:term":[{"taxonomy":"category","embeddable":true,"href":"https:\/\/www.todoeldia.com\/index.php\/wp-json\/wp\/v2\/categories?post=32675"},{"taxonomy":"post_tag","embeddable":true,"href":"https:\/\/www.todoeldia.com\/index.php\/wp-json\/wp\/v2\/tags?post=32675"}],"curies":[{"name":"wp","href":"https:\/\/api.w.org\/{rel}","templated":true}]}}