{"id":32706,"date":"2022-01-05T10:30:34","date_gmt":"2022-01-05T13:30:34","guid":{"rendered":"https:\/\/www.todoeldia.com\/?p=32706"},"modified":"2022-01-05T10:30:35","modified_gmt":"2022-01-05T13:30:35","slug":"lo-apunalo-y-no-quiso-hacer-la-denuncia-su-agresor-libre","status":"publish","type":"post","link":"https:\/\/www.todoeldia.com\/index.php\/2022\/01\/05\/lo-apunalo-y-no-quiso-hacer-la-denuncia-su-agresor-libre\/","title":{"rendered":"Lo apu\u00f1al\u00f3 y no quiso hacer la denuncia: su agresor libre"},"content":{"rendered":"\n<p>Un joven de 21 a\u00f1os fue condenado en juicio abreviado por un hecho ocurrido el pasado 27 de noviembre en la ciudad de Salta, donde un hombre result\u00f3 lesionado con arma blanca.<\/p>\n\n\n\n<p>La fiscala penal de la Unidad de Graves Atentados contra las Personas, Ver\u00f3nica Simesen de Bielke, represent\u00f3 al Ministerio P\u00fablico Fiscal ante el Juzgado de Garant\u00edas 1 del distrito Centro, en la audiencia de juicio abreviado contra Jos\u00e9 Rodolfo Chocobar por el delito de lesiones graves en perjuicio de Ricardo Alfredo Zalazar.<\/p>\n\n\n\n<p>El hecho investigado ocurri\u00f3 el pasado 27 de noviembre en horas de la tarde, cuando la v\u00edctima ingres\u00f3 al centro de Salud de barrio Ceferino de la ciudad de Salta, con una herida de arma blanca en la zona del t\u00f3rax. Debido a la gravedad de la misma, fue trasladado al hospital San Bernardo.<\/p>\n\n\n\n<p>Los investigadores lograron identificar y detener a un sospechoso de la agresi\u00f3n aunque el damnificado se\u00f1al\u00f3 que no deseaba realizar denuncia.<\/p>\n\n\n\n<p>La jueza Ada Guillermina Zunino, luego de recibir la confesi\u00f3n del acusado, le impuso el cumplimiento de una pena de dos a\u00f1os y seis meses de prisi\u00f3n de ejecuci\u00f3n condicional y el cumplimiento de reglas de conducta.<\/p>\n","protected":false},"excerpt":{"rendered":"<p>Un joven de 21 a\u00f1os fue condenado en juicio abreviado por un hecho ocurrido el pasado 27 de noviembre en la ciudad de Salta, donde un hombre result\u00f3 lesionado con arma blanca. La fiscala penal de la Unidad de Graves Atentados contra las Personas, Ver\u00f3nica Simesen de Bielke, represent\u00f3 al Ministerio P\u00fablico Fiscal ante el [&hellip;]<\/p>\n","protected":false},"author":2,"featured_media":32707,"comment_status":"open","ping_status":"open","sticky":false,"template":"","format":"standard","meta":{"tdm_status":"","tdm_grid_status":"","_joinchat":[],"footnotes":""},"categories":[73],"tags":[],"class_list":{"0":"post-32706","1":"post","2":"type-post","3":"status-publish","4":"format-standard","5":"has-post-thumbnail","7":"category-noticias-general"},"amp_enabled":true,"_links":{"self":[{"href":"https:\/\/www.todoeldia.com\/index.php\/wp-json\/wp\/v2\/posts\/32706","targetHints":{"allow":["GET"]}}],"collection":[{"href":"https:\/\/www.todoeldia.com\/index.php\/wp-json\/wp\/v2\/posts"}],"about":[{"href":"https:\/\/www.todoeldia.com\/index.php\/wp-json\/wp\/v2\/types\/post"}],"author":[{"embeddable":true,"href":"https:\/\/www.todoeldia.com\/index.php\/wp-json\/wp\/v2\/users\/2"}],"replies":[{"embeddable":true,"href":"https:\/\/www.todoeldia.com\/index.php\/wp-json\/wp\/v2\/comments?post=32706"}],"version-history":[{"count":1,"href":"https:\/\/www.todoeldia.com\/index.php\/wp-json\/wp\/v2\/posts\/32706\/revisions"}],"predecessor-version":[{"id":32708,"href":"https:\/\/www.todoeldia.com\/index.php\/wp-json\/wp\/v2\/posts\/32706\/revisions\/32708"}],"wp:featuredmedia":[{"embeddable":true,"href":"https:\/\/www.todoeldia.com\/index.php\/wp-json\/wp\/v2\/media\/32707"}],"wp:attachment":[{"href":"https:\/\/www.todoeldia.com\/index.php\/wp-json\/wp\/v2\/media?parent=32706"}],"wp:term":[{"taxonomy":"category","embeddable":true,"href":"https:\/\/www.todoeldia.com\/index.php\/wp-json\/wp\/v2\/categories?post=32706"},{"taxonomy":"post_tag","embeddable":true,"href":"https:\/\/www.todoeldia.com\/index.php\/wp-json\/wp\/v2\/tags?post=32706"}],"curies":[{"name":"wp","href":"https:\/\/api.w.org\/{rel}","templated":true}]}}